{"id":3036,"date":"2021-03-03T13:00:56","date_gmt":"2021-03-03T13:00:56","guid":{"rendered":"https:\/\/galerijajaksic.com\/tv-report-o-bijelom-zlatu-otoka-braca\/"},"modified":"2022-01-20T20:32:19","modified_gmt":"2022-01-20T20:32:19","slug":"tv-report-o-bijelom-zlatu-otoka-braca","status":"publish","type":"post","link":"https:\/\/galerijajaksic.com\/en\/tv-report-o-bijelom-zlatu-otoka-braca\/","title":{"rendered":"TV Report &#8220;O bijelom zlatu otoka Bra\u010da&#8221;"},"content":{"rendered":"\n\t\t\t<style type='text\/css'>\n\t\t\t\t#sc_gallery-1 {\n\t\t\t\t\tmargin: auto;\n\t\t\t\t}\n\t\t\t\t#sc_gallery-1 .gallery-item {\n\t\t\t\t\tfloat: left;\n\t\t\t\t\tmargin-top: 10px;\n\t\t\t\t\ttext-align: center;\n\t\t\t\t\twidth: 33.33%;\n\t\t\t\t}\n\t\t\t\t#sc_gallery-1 img {\n\t\t\t\t\tborder: 2px solid #cfcfcf;\n\t\t\t\t}\n\t\t\t\t#sc_gallery-1 .gallery-caption {\n\t\t\t\t\tmargin-left: 0;\n\t\t\t\t}\n\t\t\t\t\/* see sc_gallery() in functions\/theme-shortcodes.php *\/\n\t\t\t<\/style>\n\t\t<div id='sc_gallery-1' class='gallery galleryid-3036 gallery-columns-3 gallery-size-large file'><dl class='gallery-item'>\n\t\t\t\t<dt class='gallery-icon portrait'>\n\t\t\t\t\t<a href='https:\/\/galerijajaksic.com\/wp-content\/uploads\/2021\/07\/Bijelo-blado-reportaza-obitelj-jaksic-arte-tv3.png'><img width=\"1024\" height=\"1025\" src=\"https:\/\/galerijajaksic.com\/wp-content\/uploads\/2021\/07\/Bijelo-blado-reportaza-obitelj-jaksic-arte-tv3-1024x1025.png\" class=\"attachment-large size-large\" alt=\"Obitelj Jaksic reporta\u017ea arte tv\" loading=\"lazy\" srcset=\"https:\/\/galerijajaksic.com\/wp-content\/uploads\/2021\/07\/Bijelo-blado-reportaza-obitelj-jaksic-arte-tv3-1024x1025.png 1024w, https:\/\/galerijajaksic.com\/wp-content\/uploads\/2021\/07\/Bijelo-blado-reportaza-obitelj-jaksic-arte-tv3-150x150.png 150w, https:\/\/galerijajaksic.com\/wp-content\/uploads\/2021\/07\/Bijelo-blado-reportaza-obitelj-jaksic-arte-tv3-300x300.png 300w, https:\/\/galerijajaksic.com\/wp-content\/uploads\/2021\/07\/Bijelo-blado-reportaza-obitelj-jaksic-arte-tv3-768x769.png 768w, https:\/\/galerijajaksic.com\/wp-content\/uploads\/2021\/07\/Bijelo-blado-reportaza-obitelj-jaksic-arte-tv3-146x146.png 146w, https:\/\/galerijajaksic.com\/wp-content\/uploads\/2021\/07\/Bijelo-blado-reportaza-obitelj-jaksic-arte-tv3-50x50.png 50w, https:\/\/galerijajaksic.com\/wp-content\/uploads\/2021\/07\/Bijelo-blado-reportaza-obitelj-jaksic-arte-tv3-75x75.png 75w, https:\/\/galerijajaksic.com\/wp-content\/uploads\/2021\/07\/Bijelo-blado-reportaza-obitelj-jaksic-arte-tv3-85x85.png 85w, https:\/\/galerijajaksic.com\/wp-content\/uploads\/2021\/07\/Bijelo-blado-reportaza-obitelj-jaksic-arte-tv3-80x80.png 80w, https:\/\/galerijajaksic.com\/wp-content\/uploads\/2021\/07\/Bijelo-blado-reportaza-obitelj-jaksic-arte-tv3.png 1485w\" sizes=\"(max-width: 1024px) 100vw, 1024px\" \/><\/a>\n\t\t\t\t<\/dt><\/dl><dl class='gallery-item'>\n\t\t\t\t<dt class='gallery-icon landscape'>\n\t\t\t\t\t<a href='https:\/\/galerijajaksic.com\/wp-content\/uploads\/2021\/07\/Bijelo-blado-reportaza-obitelj-jaksic-arte-tv4.png'><img width=\"1024\" height=\"1024\" src=\"https:\/\/galerijajaksic.com\/wp-content\/uploads\/2021\/07\/Bijelo-blado-reportaza-obitelj-jaksic-arte-tv4-1024x1024.png\" class=\"attachment-large size-large\" alt=\"Obitelj Jaksic reporta\u017ea arte tv\" loading=\"lazy\" srcset=\"https:\/\/galerijajaksic.com\/wp-content\/uploads\/2021\/07\/Bijelo-blado-reportaza-obitelj-jaksic-arte-tv4-1024x1024.png 1024w, https:\/\/galerijajaksic.com\/wp-content\/uploads\/2021\/07\/Bijelo-blado-reportaza-obitelj-jaksic-arte-tv4-150x150.png 150w, https:\/\/galerijajaksic.com\/wp-content\/uploads\/2021\/07\/Bijelo-blado-reportaza-obitelj-jaksic-arte-tv4-300x300.png 300w, https:\/\/galerijajaksic.com\/wp-content\/uploads\/2021\/07\/Bijelo-blado-reportaza-obitelj-jaksic-arte-tv4-768x768.png 768w, https:\/\/galerijajaksic.com\/wp-content\/uploads\/2021\/07\/Bijelo-blado-reportaza-obitelj-jaksic-arte-tv4-146x146.png 146w, https:\/\/galerijajaksic.com\/wp-content\/uploads\/2021\/07\/Bijelo-blado-reportaza-obitelj-jaksic-arte-tv4-50x50.png 50w, https:\/\/galerijajaksic.com\/wp-content\/uploads\/2021\/07\/Bijelo-blado-reportaza-obitelj-jaksic-arte-tv4-75x75.png 75w, https:\/\/galerijajaksic.com\/wp-content\/uploads\/2021\/07\/Bijelo-blado-reportaza-obitelj-jaksic-arte-tv4-85x85.png 85w, https:\/\/galerijajaksic.com\/wp-content\/uploads\/2021\/07\/Bijelo-blado-reportaza-obitelj-jaksic-arte-tv4-80x80.png 80w, https:\/\/galerijajaksic.com\/wp-content\/uploads\/2021\/07\/Bijelo-blado-reportaza-obitelj-jaksic-arte-tv4.png 1587w\" sizes=\"(max-width: 1024px) 100vw, 1024px\" \/><\/a>\n\t\t\t\t<\/dt><\/dl><dl class='gallery-item'>\n\t\t\t\t<dt class='gallery-icon portrait'>\n\t\t\t\t\t<a href='https:\/\/galerijajaksic.com\/wp-content\/uploads\/2021\/07\/Bijelo-blado-reportaza-obitelj-jaksic-arte-tv2.png'><img width=\"1024\" height=\"1025\" src=\"https:\/\/galerijajaksic.com\/wp-content\/uploads\/2021\/07\/Bijelo-blado-reportaza-obitelj-jaksic-arte-tv2-1024x1025.png\" class=\"attachment-large size-large\" alt=\"Obitelj Jaksic reporta\u017ea arte tv\" loading=\"lazy\" srcset=\"https:\/\/galerijajaksic.com\/wp-content\/uploads\/2021\/07\/Bijelo-blado-reportaza-obitelj-jaksic-arte-tv2-1024x1025.png 1024w, https:\/\/galerijajaksic.com\/wp-content\/uploads\/2021\/07\/Bijelo-blado-reportaza-obitelj-jaksic-arte-tv2-150x150.png 150w, https:\/\/galerijajaksic.com\/wp-content\/uploads\/2021\/07\/Bijelo-blado-reportaza-obitelj-jaksic-arte-tv2-300x300.png 300w, https:\/\/galerijajaksic.com\/wp-content\/uploads\/2021\/07\/Bijelo-blado-reportaza-obitelj-jaksic-arte-tv2-768x768.png 768w, https:\/\/galerijajaksic.com\/wp-content\/uploads\/2021\/07\/Bijelo-blado-reportaza-obitelj-jaksic-arte-tv2-146x146.png 146w, https:\/\/galerijajaksic.com\/wp-content\/uploads\/2021\/07\/Bijelo-blado-reportaza-obitelj-jaksic-arte-tv2-50x50.png 50w, https:\/\/galerijajaksic.com\/wp-content\/uploads\/2021\/07\/Bijelo-blado-reportaza-obitelj-jaksic-arte-tv2-75x75.png 75w, https:\/\/galerijajaksic.com\/wp-content\/uploads\/2021\/07\/Bijelo-blado-reportaza-obitelj-jaksic-arte-tv2-85x85.png 85w, https:\/\/galerijajaksic.com\/wp-content\/uploads\/2021\/07\/Bijelo-blado-reportaza-obitelj-jaksic-arte-tv2-80x80.png 80w, https:\/\/galerijajaksic.com\/wp-content\/uploads\/2021\/07\/Bijelo-blado-reportaza-obitelj-jaksic-arte-tv2.png 1583w\" sizes=\"(max-width: 1024px) 100vw, 1024px\" \/><\/a>\n\t\t\t\t<\/dt><\/dl><br style=\"clear: both\" \/><dl class='gallery-item'>\n\t\t\t\t<dt class='gallery-icon landscape'>\n\t\t\t\t\t<a href='https:\/\/galerijajaksic.com\/wp-content\/uploads\/2021\/07\/Bijelo-blado-reportaza-obitelj-jaksic-arte-tv6.png'><img width=\"1024\" height=\"1024\" src=\"https:\/\/galerijajaksic.com\/wp-content\/uploads\/2021\/07\/Bijelo-blado-reportaza-obitelj-jaksic-arte-tv6-1024x1024.png\" class=\"attachment-large size-large\" alt=\"Obitelj Jaksic reporta\u017ea arte tv\" loading=\"lazy\" srcset=\"https:\/\/galerijajaksic.com\/wp-content\/uploads\/2021\/07\/Bijelo-blado-reportaza-obitelj-jaksic-arte-tv6-1024x1024.png 1024w, https:\/\/galerijajaksic.com\/wp-content\/uploads\/2021\/07\/Bijelo-blado-reportaza-obitelj-jaksic-arte-tv6-150x150.png 150w, https:\/\/galerijajaksic.com\/wp-content\/uploads\/2021\/07\/Bijelo-blado-reportaza-obitelj-jaksic-arte-tv6-300x300.png 300w, https:\/\/galerijajaksic.com\/wp-content\/uploads\/2021\/07\/Bijelo-blado-reportaza-obitelj-jaksic-arte-tv6-768x768.png 768w, https:\/\/galerijajaksic.com\/wp-content\/uploads\/2021\/07\/Bijelo-blado-reportaza-obitelj-jaksic-arte-tv6-146x146.png 146w, https:\/\/galerijajaksic.com\/wp-content\/uploads\/2021\/07\/Bijelo-blado-reportaza-obitelj-jaksic-arte-tv6-50x50.png 50w, https:\/\/galerijajaksic.com\/wp-content\/uploads\/2021\/07\/Bijelo-blado-reportaza-obitelj-jaksic-arte-tv6-75x75.png 75w, https:\/\/galerijajaksic.com\/wp-content\/uploads\/2021\/07\/Bijelo-blado-reportaza-obitelj-jaksic-arte-tv6-85x85.png 85w, https:\/\/galerijajaksic.com\/wp-content\/uploads\/2021\/07\/Bijelo-blado-reportaza-obitelj-jaksic-arte-tv6-80x80.png 80w, https:\/\/galerijajaksic.com\/wp-content\/uploads\/2021\/07\/Bijelo-blado-reportaza-obitelj-jaksic-arte-tv6.png 1564w\" sizes=\"(max-width: 1024px) 100vw, 1024px\" \/><\/a>\n\t\t\t\t<\/dt><\/dl><dl class='gallery-item'>\n\t\t\t\t<dt class='gallery-icon landscape'>\n\t\t\t\t\t<a href='https:\/\/galerijajaksic.com\/wp-content\/uploads\/2021\/07\/Bijelo-blado-reportaza-obitelj-jaksic-arte-tv5.png'><img width=\"1024\" height=\"1024\" src=\"https:\/\/galerijajaksic.com\/wp-content\/uploads\/2021\/07\/Bijelo-blado-reportaza-obitelj-jaksic-arte-tv5-1024x1024.png\" class=\"attachment-large size-large\" alt=\"Obitelj Jaksic reporta\u017ea arte tv\" loading=\"lazy\" srcset=\"https:\/\/galerijajaksic.com\/wp-content\/uploads\/2021\/07\/Bijelo-blado-reportaza-obitelj-jaksic-arte-tv5-1024x1024.png 1024w, https:\/\/galerijajaksic.com\/wp-content\/uploads\/2021\/07\/Bijelo-blado-reportaza-obitelj-jaksic-arte-tv5-150x150.png 150w, https:\/\/galerijajaksic.com\/wp-content\/uploads\/2021\/07\/Bijelo-blado-reportaza-obitelj-jaksic-arte-tv5-300x300.png 300w, https:\/\/galerijajaksic.com\/wp-content\/uploads\/2021\/07\/Bijelo-blado-reportaza-obitelj-jaksic-arte-tv5-768x768.png 768w, https:\/\/galerijajaksic.com\/wp-content\/uploads\/2021\/07\/Bijelo-blado-reportaza-obitelj-jaksic-arte-tv5-146x146.png 146w, https:\/\/galerijajaksic.com\/wp-content\/uploads\/2021\/07\/Bijelo-blado-reportaza-obitelj-jaksic-arte-tv5-50x50.png 50w, https:\/\/galerijajaksic.com\/wp-content\/uploads\/2021\/07\/Bijelo-blado-reportaza-obitelj-jaksic-arte-tv5-75x75.png 75w, https:\/\/galerijajaksic.com\/wp-content\/uploads\/2021\/07\/Bijelo-blado-reportaza-obitelj-jaksic-arte-tv5-85x85.png 85w, https:\/\/galerijajaksic.com\/wp-content\/uploads\/2021\/07\/Bijelo-blado-reportaza-obitelj-jaksic-arte-tv5-80x80.png 80w, https:\/\/galerijajaksic.com\/wp-content\/uploads\/2021\/07\/Bijelo-blado-reportaza-obitelj-jaksic-arte-tv5.png 1600w\" sizes=\"(max-width: 1024px) 100vw, 1024px\" \/><\/a>\n\t\t\t\t<\/dt><\/dl><dl class='gallery-item'>\n\t\t\t\t<dt class='gallery-icon landscape'>\n\t\t\t\t\t<a href='https:\/\/galerijajaksic.com\/wp-content\/uploads\/2021\/07\/Bijelo-blado-reportaza-obitelj-jaksic-arte-tv1.png'><img width=\"1024\" height=\"1024\" src=\"https:\/\/galerijajaksic.com\/wp-content\/uploads\/2021\/07\/Bijelo-blado-reportaza-obitelj-jaksic-arte-tv1-1024x1024.png\" class=\"attachment-large size-large\" alt=\"Obitelj Jaksic reporta\u017ea arte tv\" loading=\"lazy\" srcset=\"https:\/\/galerijajaksic.com\/wp-content\/uploads\/2021\/07\/Bijelo-blado-reportaza-obitelj-jaksic-arte-tv1-1024x1024.png 1024w, https:\/\/galerijajaksic.com\/wp-content\/uploads\/2021\/07\/Bijelo-blado-reportaza-obitelj-jaksic-arte-tv1-150x150.png 150w, https:\/\/galerijajaksic.com\/wp-content\/uploads\/2021\/07\/Bijelo-blado-reportaza-obitelj-jaksic-arte-tv1-300x300.png 300w, https:\/\/galerijajaksic.com\/wp-content\/uploads\/2021\/07\/Bijelo-blado-reportaza-obitelj-jaksic-arte-tv1-768x768.png 768w, https:\/\/galerijajaksic.com\/wp-content\/uploads\/2021\/07\/Bijelo-blado-reportaza-obitelj-jaksic-arte-tv1-146x146.png 146w, https:\/\/galerijajaksic.com\/wp-content\/uploads\/2021\/07\/Bijelo-blado-reportaza-obitelj-jaksic-arte-tv1-50x50.png 50w, https:\/\/galerijajaksic.com\/wp-content\/uploads\/2021\/07\/Bijelo-blado-reportaza-obitelj-jaksic-arte-tv1-75x75.png 75w, https:\/\/galerijajaksic.com\/wp-content\/uploads\/2021\/07\/Bijelo-blado-reportaza-obitelj-jaksic-arte-tv1-85x85.png 85w, https:\/\/galerijajaksic.com\/wp-content\/uploads\/2021\/07\/Bijelo-blado-reportaza-obitelj-jaksic-arte-tv1-80x80.png 80w, https:\/\/galerijajaksic.com\/wp-content\/uploads\/2021\/07\/Bijelo-blado-reportaza-obitelj-jaksic-arte-tv1.png 1588w\" sizes=\"(max-width: 1024px) 100vw, 1024px\" \/><\/a>\n\t\t\t\t<\/dt><\/dl><br style=\"clear: both\" \/>\n\t\t\t<\/div>\n\n<h3>REPORT ON THE JAK\u0160I\u0106 FAMILY AND THEIR WORK IN THE ARTA SHOW<\/h3>\n<p>German television ARTE.tv published a report on the Bra\u010d stone &#8211; &#8220;White Gold of the island of Bra\u010d&#8221;, which was filmed last summer at various locations around the island. The Jak\u0161i\u0107 family is one of the main protagonists of the film, so our studios, workshops, galleries and all our activities went through 7 days of intensive filming. The film follows the beginning of the professional development of a young student of the School of Masonry in Pu\u010di\u0161\u0107a, Vanessa. A student from her formal craft education comes to our stonemason&#8217;s workshop, under the mentorship of Dra\u017een Jak\u0161i\u0107, to learn about advanced techniques and tools and to witness the art that is created from stone in our studios. Through the script of the feature film, the story of Bra\u010d stone is told and all segments of education and industry related to stone on Bra\u010d and various possibilities of its use and processing are shown. Both are shown and parts of the process of making sculpture <a href=\"https:\/\/www.facebook.com\/lovre.jaksic?__cft__[0]=AZVlJsIdvu41RbIQMC_b8_uraOxr2aec5pTKtda0tkV8RbMAA1pS2Eos2bL0TDHnMy8A74DmEaHimN36q3IvgpMe37S1pfAA7ZpYApvK1ooTranYY3MlG_Evon9GLk1RTJUBabjaTWXk1hi8Rmfml81HgV_mwRA5iHCYsqLibRnBmjbNDyZQTDxjxUxOIaLiyw4&amp;__tn__=-]KR\" data-saferedirecturl=\"https: \/\/ www .google.com \/ url? q = https: \/\/www.facebook.com\/lovre.jaksic? __cft __% 5b0% 5D% 3DAZVlJsIdvu41RbIQMC_b8_uraOxr2aec5pTKtda0tkV8RbMAA1pS2Eos2bL0TDHnMy8A74DmEaHimN36q3IvgpMe37S1pfAA7ZpYApvK1ooTranYY3MlG_Evon9GLk1RTJUBabjaTWXk1hi8Rmfml81HgV_mwRA5iHCYsqLibRnBmjbNDyZQTDxjxUxOIaLiyw4% 26__tn __% 3D% 5DK-R &amp; source = gmail &amp; amp; mouth = 1627048475330000 &amp; amp; uSG = AFQjCNHqIKE__5xa0g_iyvDE79e-IT-AHW \"> Lawrence Jaksic <\/a> and <a href=\" https:\/\/www.facebook.com\/dina.jaksic?__cft__[0]=AZVlJsIdvu41RbIQMC_b8_uraOxr2aec5pTKtda0tkV8RbMAA1pS2Eos2bL0TDHnMy8A74DmEaHimN36q3IvgpMe37S1pfAA7ZpYApvK1ooTranYY3MlG_Evon9GLk1RTJUBabjaTWXk1hi8Rmfml81HgV_mwRA5iHCYsqLibRnBmjbNDyZQTDxjxUxOIa Liyw4 &amp; amp; __ __ tn = -] KR \" data-saferedirecturl=\" https:\/\/www.google.com\/url?q=https:\/\/www.facebook.com\/dina.jaksic?__cft__%5B0%5D%3DAZVlJsIdvu41RbIQMC_b8_uraOxr2aec5pTKtda0tkV8RbMAA1pS2Eos2bL0TDHnMy8A74DmEaHimN36q3IvgpMe37S1pfAA7ZpYApvK1ooTranYY3MlG_Evon9GLk1RTJUBabjaTWXk1hi8Rmfml81HgV_mwRA5iHCYsqLibRnBmjbNDyZQTDxjxUxOIaLiyw4%26__tn__ % 3D-% 5DK-R &amp; amp; source = gmail &amp; amp; ust = 1627048475330000 &amp; amp; usg = AFQjCNEn2WkVgkt6VKhh2etdEpvkwbEuHQ \"> Dine Jak\u0161i\u0107 Pavasovi\u0107 <\/a> as examples of artistic practice. End of the film leads us in our and &lt;\/ a &gt; collection spaces in Split and Donji Humac where the final stone products and our works of art can be seen. It also shows the process of setting Lovro solo exhibition of sculptures made of white stone from Brac in Bol and collaboration with musician <a href=\"https:\/\/www.facebook.com\/ana.rucner?__cft__[0]=AZVlJsIdvu41RbIQMC_b8_uraOxr2aec5pTKtda0tkV8RbMAA1pS2Eos2bL0TDHnMy8A74DmEaHimN36q3IvgpMe37S1pfAA7ZpYApvK1ooTranYY3MlG_Evon9GLk1RTJUBabjaTWXk1hi8Rmfml81HgV_mwRA5iHCYsqLibRnBmjbNDyZQTDxjxUxOIaLiyw4&amp;__tn__=-]KR \" data-saferedirecturl=\" https:\/\/www.google.com\/url?q=https:\/\/www.facebook.com\/ana.rucner?__cft__%5B0%5D%3DAZVlJsIdvu41RbIQMC_b8_uraOxr2aec5pTKtda0tkV8RbMAA1pS2Eos2bL0TDHnMy8A74DmEaHimN36q3IvgpMe37S1pfAA7ZpYApvK1ooTranYY3MlG_Evon9GLk1RTJUBabjaTWXk1hi8Rmfml81HgV_mwRA5iHCYsqLibRnBmjbNDyZQTDxjxUxOIaLiyw4%26__tn__%3D-%5DK-R&amp;amp ; source = gmail &amp; amp; ust = 1627048475330000 &amp; amp; usg = AFQjCNHwhh4Y9yKIogjD_rB0jWltYWuokA \"> Anom Rucner <\/a>, who wears Ida&#8217;s jewelry and clothing, immortalized by the lens of photographer Robert Barilla. This one fromAn excellent documentary about the treasures of Bra\u010d, directed by Christine Degen, was shown in several European countries.<\/p>\n<p>Thank you <a href=\"https:\/\/www.facebook.com\/artetv\/?__cft__[0]=AZVlJsIdvu41RbIQMC_b8_uraOxr2aec5pTKtda0tkV8RbMAA1pS2Eos2bL0TDHnMy8A74DmEaHimN36q3IvgpMe37S1pfAA7ZpYApvK1ooTranYY3MlG_Evon9GLk1RTJUBabjaTWXk1hi8Rmfml81HgV_mwRA5iHCYsqLibRnBmjbNDyZQTDxjxUxOIaLiyw4&amp;__tn__=kK-R\" data-saferedirecturl=\"https:\/\/www.google.com\/url?q = https: \/\/www.facebook.com\/artetv\/? __cft __% 5b0% 5D% 3DAZVlJsIdvu41RbIQMC_b8_uraOxr2aec5pTKtda0tkV8RbMAA1pS2Eos2bL0TDHnMy8A74DmEaHimN36q3IvgpMe37S1pfAA7ZpYApvK1ooTranYY3MlG_Evon9GLk1RTJUBabjaTWXk1hi8Rmfml81HgV_mwRA5iHCYsqLibRnBmjbNDyZQTDxjxUxOIaLiyw4% 26__tn __% 3DkK-R &amp; source = gmail &amp; amp; mouth = 1627048475330000 &amp; amp; uSG = AFQjCNEg_beoWO1hR-XGfHvUtr_I36dFlA \"> ARTE <\/a> .tv !! on a beautiful representation of life with a stone that you can see at the following link:<\/p>\n<p><a href=\"https:\/\/www.arte.tv\/de\/videos\/092983-026-A\/geo-reportage\/\" data-saferedirecturl=\"https:\/\/www.google.com\/url?q=https http:\/\/www.arte.tv\/de\/videos\/092983-026-A\/geo-reportage\/&amp; source = gmail &amp; amp; ust = 1627048475330000 &amp; amp; usg = AFQjCNFP-6eu5GBdqBktq8PYugbbj7k1rw \"> https.tv\/www. de \/ videos \/ 092983-026-A \/ geo-reportage \/ <\/a><\/p>\n","protected":false},"excerpt":{"rendered":"<p>REPORT ON THE JAK\u0160I\u0106 FAMILY AND THEIR WORK IN THE ARTA SHOW German television ARTE.tv published a report on the Bra\u010d stone &#8211; &#8220;White Gold of<span class=\"excerpt-hellip\"> [\u2026]<\/span><\/p>\n","protected":false},"author":1,"featured_media":2413,"comment_status":"closed","ping_status":"closed","sticky":false,"template":"","format":"standard","meta":[],"categories":[48,49,50,51,52],"tags":[],"_links":{"self":[{"href":"https:\/\/galerijajaksic.com\/en\/wp-json\/wp\/v2\/posts\/3036"}],"collection":[{"href":"https:\/\/galerijajaksic.com\/en\/wp-json\/wp\/v2\/posts"}],"about":[{"href":"https:\/\/galerijajaksic.com\/en\/wp-json\/wp\/v2\/types\/post"}],"author":[{"embeddable":true,"href":"https:\/\/galerijajaksic.com\/en\/wp-json\/wp\/v2\/users\/1"}],"replies":[{"embeddable":true,"href":"https:\/\/galerijajaksic.com\/en\/wp-json\/wp\/v2\/comments?post=3036"}],"version-history":[{"count":1,"href":"https:\/\/galerijajaksic.com\/en\/wp-json\/wp\/v2\/posts\/3036\/revisions"}],"predecessor-version":[{"id":3165,"href":"https:\/\/galerijajaksic.com\/en\/wp-json\/wp\/v2\/posts\/3036\/revisions\/3165"}],"wp:featuredmedia":[{"embeddable":true,"href":"https:\/\/galerijajaksic.com\/en\/wp-json\/wp\/v2\/media\/2413"}],"wp:attachment":[{"href":"https:\/\/galerijajaksic.com\/en\/wp-json\/wp\/v2\/media?parent=3036"}],"wp:term":[{"taxonomy":"category","embeddable":true,"href":"https:\/\/galerijajaksic.com\/en\/wp-json\/wp\/v2\/categories?post=3036"},{"taxonomy":"post_tag","embeddable":true,"href":"https:\/\/galerijajaksic.com\/en\/wp-json\/wp\/v2\/tags?post=3036"}],"curies":[{"name":"wp","href":"https:\/\/api.w.org\/{rel}","templated":true}]}}