{"id":3047,"date":"2020-08-09T13:04:27","date_gmt":"2020-08-09T13:04:27","guid":{"rendered":"https:\/\/galerijajaksic.com\/miroslav-pelikans-review-of-the-exhibition-of-our-sculptor-lovro-jaksic\/"},"modified":"2022-03-23T15:20:17","modified_gmt":"2022-03-23T15:20:17","slug":"miroslav-pelikans-review-of-the-exhibition-of-our-sculptor-lovro-jaksic","status":"publish","type":"post","link":"https:\/\/galerijajaksic.com\/en\/miroslav-pelikans-review-of-the-exhibition-of-our-sculptor-lovro-jaksic\/","title":{"rendered":"Miroslav Pelikan&#8217;s review of the exhibition of our sculptor Lovre Jak\u0161i\u0107"},"content":{"rendered":"\n\t\t\t<style type='text\/css'>\n\t\t\t\t#sc_gallery-1 {\n\t\t\t\t\tmargin: auto;\n\t\t\t\t}\n\t\t\t\t#sc_gallery-1 .gallery-item {\n\t\t\t\t\tfloat: left;\n\t\t\t\t\tmargin-top: 10px;\n\t\t\t\t\ttext-align: center;\n\t\t\t\t\twidth: 33.33%;\n\t\t\t\t}\n\t\t\t\t#sc_gallery-1 img {\n\t\t\t\t\tborder: 2px solid #cfcfcf;\n\t\t\t\t}\n\t\t\t\t#sc_gallery-1 .gallery-caption {\n\t\t\t\t\tmargin-left: 0;\n\t\t\t\t}\n\t\t\t\t\/* see sc_gallery() in functions\/theme-shortcodes.php *\/\n\t\t\t<\/style>\n\t\t<div id='sc_gallery-1' class='gallery galleryid-3047 gallery-columns-3 gallery-size-large file'><dl class='gallery-item'>\n\t\t\t\t<dt class='gallery-icon landscape'>\n\t\t\t\t\t<a href='https:\/\/galerijajaksic.com\/wp-content\/uploads\/2020\/10\/Lovre_jaksic_kamene_skulpture_Bijeli-bra\u010dki-kamen_branislav-de\u0161kovi\u01072.jpg'><img width=\"1024\" height=\"1024\" src=\"https:\/\/galerijajaksic.com\/wp-content\/uploads\/2020\/10\/Lovre_jaksic_kamene_skulpture_Bijeli-bra\u010dki-kamen_branislav-de\u0161kovi\u01072-1024x1024.jpg\" class=\"attachment-large size-large\" alt=\"Lovre_jaksic_hrvatski_kipar\" loading=\"lazy\" srcset=\"https:\/\/galerijajaksic.com\/wp-content\/uploads\/2020\/10\/Lovre_jaksic_kamene_skulpture_Bijeli-bra\u010dki-kamen_branislav-de\u0161kovi\u01072-1024x1024.jpg 1024w, https:\/\/galerijajaksic.com\/wp-content\/uploads\/2020\/10\/Lovre_jaksic_kamene_skulpture_Bijeli-bra\u010dki-kamen_branislav-de\u0161kovi\u01072-150x150.jpg 150w, https:\/\/galerijajaksic.com\/wp-content\/uploads\/2020\/10\/Lovre_jaksic_kamene_skulpture_Bijeli-bra\u010dki-kamen_branislav-de\u0161kovi\u01072-300x300.jpg 300w, https:\/\/galerijajaksic.com\/wp-content\/uploads\/2020\/10\/Lovre_jaksic_kamene_skulpture_Bijeli-bra\u010dki-kamen_branislav-de\u0161kovi\u01072-768x768.jpg 768w, https:\/\/galerijajaksic.com\/wp-content\/uploads\/2020\/10\/Lovre_jaksic_kamene_skulpture_Bijeli-bra\u010dki-kamen_branislav-de\u0161kovi\u01072-146x146.jpg 146w, https:\/\/galerijajaksic.com\/wp-content\/uploads\/2020\/10\/Lovre_jaksic_kamene_skulpture_Bijeli-bra\u010dki-kamen_branislav-de\u0161kovi\u01072-50x50.jpg 50w, https:\/\/galerijajaksic.com\/wp-content\/uploads\/2020\/10\/Lovre_jaksic_kamene_skulpture_Bijeli-bra\u010dki-kamen_branislav-de\u0161kovi\u01072-75x75.jpg 75w, https:\/\/galerijajaksic.com\/wp-content\/uploads\/2020\/10\/Lovre_jaksic_kamene_skulpture_Bijeli-bra\u010dki-kamen_branislav-de\u0161kovi\u01072-85x85.jpg 85w, https:\/\/galerijajaksic.com\/wp-content\/uploads\/2020\/10\/Lovre_jaksic_kamene_skulpture_Bijeli-bra\u010dki-kamen_branislav-de\u0161kovi\u01072-80x80.jpg 80w, https:\/\/galerijajaksic.com\/wp-content\/uploads\/2020\/10\/Lovre_jaksic_kamene_skulpture_Bijeli-bra\u010dki-kamen_branislav-de\u0161kovi\u01072.jpg 1300w\" sizes=\"(max-width: 1024px) 100vw, 1024px\" \/><\/a>\n\t\t\t\t<\/dt>\n\t\t\t\t\t<dd class='wp-caption-text gallery-caption'>\n\t\t\t\t\tIzlo\u017eba Lovre Jak\u0161i\u0107a &#8220;Zapisi iz unutra\u0161njeg kamenoloma&#8221;\n\t\t\t\t\t<\/dd><\/dl><dl class='gallery-item'>\n\t\t\t\t<dt class='gallery-icon landscape'>\n\t\t\t\t\t<a href='https:\/\/galerijajaksic.com\/wp-content\/uploads\/2020\/10\/Lovre_jaksic_kamene_skulpture_Bijeli-bra\u010dki-kamen_branislav-de\u0161kovi\u01071.jpg'><img width=\"1024\" height=\"1024\" src=\"https:\/\/galerijajaksic.com\/wp-content\/uploads\/2020\/10\/Lovre_jaksic_kamene_skulpture_Bijeli-bra\u010dki-kamen_branislav-de\u0161kovi\u01071-1024x1024.jpg\" class=\"attachment-large size-large\" alt=\"Lovre_jaksic_hrvatski_kipar\" loading=\"lazy\" srcset=\"https:\/\/galerijajaksic.com\/wp-content\/uploads\/2020\/10\/Lovre_jaksic_kamene_skulpture_Bijeli-bra\u010dki-kamen_branislav-de\u0161kovi\u01071-1024x1024.jpg 1024w, https:\/\/galerijajaksic.com\/wp-content\/uploads\/2020\/10\/Lovre_jaksic_kamene_skulpture_Bijeli-bra\u010dki-kamen_branislav-de\u0161kovi\u01071-150x150.jpg 150w, https:\/\/galerijajaksic.com\/wp-content\/uploads\/2020\/10\/Lovre_jaksic_kamene_skulpture_Bijeli-bra\u010dki-kamen_branislav-de\u0161kovi\u01071-300x300.jpg 300w, https:\/\/galerijajaksic.com\/wp-content\/uploads\/2020\/10\/Lovre_jaksic_kamene_skulpture_Bijeli-bra\u010dki-kamen_branislav-de\u0161kovi\u01071-768x768.jpg 768w, https:\/\/galerijajaksic.com\/wp-content\/uploads\/2020\/10\/Lovre_jaksic_kamene_skulpture_Bijeli-bra\u010dki-kamen_branislav-de\u0161kovi\u01071-146x146.jpg 146w, https:\/\/galerijajaksic.com\/wp-content\/uploads\/2020\/10\/Lovre_jaksic_kamene_skulpture_Bijeli-bra\u010dki-kamen_branislav-de\u0161kovi\u01071-50x50.jpg 50w, https:\/\/galerijajaksic.com\/wp-content\/uploads\/2020\/10\/Lovre_jaksic_kamene_skulpture_Bijeli-bra\u010dki-kamen_branislav-de\u0161kovi\u01071-75x75.jpg 75w, https:\/\/galerijajaksic.com\/wp-content\/uploads\/2020\/10\/Lovre_jaksic_kamene_skulpture_Bijeli-bra\u010dki-kamen_branislav-de\u0161kovi\u01071-85x85.jpg 85w, https:\/\/galerijajaksic.com\/wp-content\/uploads\/2020\/10\/Lovre_jaksic_kamene_skulpture_Bijeli-bra\u010dki-kamen_branislav-de\u0161kovi\u01071-80x80.jpg 80w, https:\/\/galerijajaksic.com\/wp-content\/uploads\/2020\/10\/Lovre_jaksic_kamene_skulpture_Bijeli-bra\u010dki-kamen_branislav-de\u0161kovi\u01071.jpg 1300w\" sizes=\"(max-width: 1024px) 100vw, 1024px\" \/><\/a>\n\t\t\t\t<\/dt>\n\t\t\t\t\t<dd class='wp-caption-text gallery-caption'>\n\t\t\t\t\tIzlo\u017eba Lovre Jak\u0161i\u0107a &#8220;Zapisi iz unutra\u0161njeg kamenoloma&#8221;\n\t\t\t\t\t<\/dd><\/dl><dl class='gallery-item'>\n\t\t\t\t<dt class='gallery-icon landscape'>\n\t\t\t\t\t<a href='https:\/\/galerijajaksic.com\/wp-content\/uploads\/2020\/10\/Lovre_jaksic_kamene_skulpture_Bijeli-bra\u010dki-kamen_branislav-de\u0161kovi\u01073.jpg'><img width=\"1024\" height=\"1024\" src=\"https:\/\/galerijajaksic.com\/wp-content\/uploads\/2020\/10\/Lovre_jaksic_kamene_skulpture_Bijeli-bra\u010dki-kamen_branislav-de\u0161kovi\u01073-1024x1024.jpg\" class=\"attachment-large size-large\" alt=\"Lovre_jaksic_hrvatski_kipar\" loading=\"lazy\" srcset=\"https:\/\/galerijajaksic.com\/wp-content\/uploads\/2020\/10\/Lovre_jaksic_kamene_skulpture_Bijeli-bra\u010dki-kamen_branislav-de\u0161kovi\u01073-1024x1024.jpg 1024w, https:\/\/galerijajaksic.com\/wp-content\/uploads\/2020\/10\/Lovre_jaksic_kamene_skulpture_Bijeli-bra\u010dki-kamen_branislav-de\u0161kovi\u01073-150x150.jpg 150w, https:\/\/galerijajaksic.com\/wp-content\/uploads\/2020\/10\/Lovre_jaksic_kamene_skulpture_Bijeli-bra\u010dki-kamen_branislav-de\u0161kovi\u01073-300x300.jpg 300w, https:\/\/galerijajaksic.com\/wp-content\/uploads\/2020\/10\/Lovre_jaksic_kamene_skulpture_Bijeli-bra\u010dki-kamen_branislav-de\u0161kovi\u01073-768x768.jpg 768w, https:\/\/galerijajaksic.com\/wp-content\/uploads\/2020\/10\/Lovre_jaksic_kamene_skulpture_Bijeli-bra\u010dki-kamen_branislav-de\u0161kovi\u01073-146x146.jpg 146w, https:\/\/galerijajaksic.com\/wp-content\/uploads\/2020\/10\/Lovre_jaksic_kamene_skulpture_Bijeli-bra\u010dki-kamen_branislav-de\u0161kovi\u01073-50x50.jpg 50w, https:\/\/galerijajaksic.com\/wp-content\/uploads\/2020\/10\/Lovre_jaksic_kamene_skulpture_Bijeli-bra\u010dki-kamen_branislav-de\u0161kovi\u01073-75x75.jpg 75w, https:\/\/galerijajaksic.com\/wp-content\/uploads\/2020\/10\/Lovre_jaksic_kamene_skulpture_Bijeli-bra\u010dki-kamen_branislav-de\u0161kovi\u01073-85x85.jpg 85w, https:\/\/galerijajaksic.com\/wp-content\/uploads\/2020\/10\/Lovre_jaksic_kamene_skulpture_Bijeli-bra\u010dki-kamen_branislav-de\u0161kovi\u01073-80x80.jpg 80w, https:\/\/galerijajaksic.com\/wp-content\/uploads\/2020\/10\/Lovre_jaksic_kamene_skulpture_Bijeli-bra\u010dki-kamen_branislav-de\u0161kovi\u01073.jpg 1200w\" sizes=\"(max-width: 1024px) 100vw, 1024px\" \/><\/a>\n\t\t\t\t<\/dt>\n\t\t\t\t\t<dd class='wp-caption-text gallery-caption'>\n\t\t\t\t\tIzlo\u017eba Lovre Jak\u0161i\u0107a &#8220;Zapisi iz unutra\u0161njeg kamenoloma&#8221;\n\t\t\t\t\t<\/dd><\/dl><br style=\"clear: both\" \/>\n\t\t\t<\/div>\n\n<h3> Miroslav Pelikan&#8217;s review of the exhibition of our sculptor Lovre Jak\u0161i\u0107 <\/h3>\n<p>Croatian journalist and writer Miroslav Pelikan wrote a very interesting review of the solo exhibition &#8220;Notes from an Internal Quarry&#8221; by academic sculptor Lovre Jak\u0161i\u0107. The text is a personal experience of the exhibition and an impression of Lovre&#8217;s work transmitted by several domestic portals. The author brings his own view of Lovre&#8217;s sculptures and at the end of what is written he concludes:<\/p>\n<p>&#8220;&#8230; The public could be convinced that he is one of the authors who will be extremely important in the artistic production of the near future.&#8221;<\/p>\n<p>We thank Mr. Pelican on a beautifully written review that you can read at this link:<\/p>\n<p><ahref=\"https:\/\/akademija-art.hr\/2020\/08\/09\/zapisi-iz-unutrasnjeg-kamenoloma-lovre-jaksica\/?fbclid=IwAR3FhyfmftrghgVnbo796mVTnyHC3HNN3cxkg0fp0WbQIl9tI4ueUNdW \/ 08\/09 \/ records-from-the-inner-quarry-lovre-jaksica \/? Fbclid = IwAR3FhyfmftrghgVnbo796mVTnyHC3HNN3cxkg0fp0WbQIl9tI4ueUNdWZXc <\/a><\/p>\n","protected":false},"excerpt":{"rendered":"<p>Miroslav Pelikan&#8217;s review of the exhibition of our sculptor Lovre Jak\u0161i\u0107 Croatian journalist and writer Miroslav Pelikan wrote a very interesting review of the solo exhibition<span class=\"excerpt-hellip\"> [\u2026]<\/span><\/p>\n","protected":false},"author":1,"featured_media":2162,"comment_status":"closed","ping_status":"closed","sticky":false,"template":"","format":"standard","meta":[],"categories":[49,52],"tags":[],"_links":{"self":[{"href":"https:\/\/galerijajaksic.com\/en\/wp-json\/wp\/v2\/posts\/3047"}],"collection":[{"href":"https:\/\/galerijajaksic.com\/en\/wp-json\/wp\/v2\/posts"}],"about":[{"href":"https:\/\/galerijajaksic.com\/en\/wp-json\/wp\/v2\/types\/post"}],"author":[{"embeddable":true,"href":"https:\/\/galerijajaksic.com\/en\/wp-json\/wp\/v2\/users\/1"}],"replies":[{"embeddable":true,"href":"https:\/\/galerijajaksic.com\/en\/wp-json\/wp\/v2\/comments?post=3047"}],"version-history":[{"count":1,"href":"https:\/\/galerijajaksic.com\/en\/wp-json\/wp\/v2\/posts\/3047\/revisions"}],"predecessor-version":[{"id":3234,"href":"https:\/\/galerijajaksic.com\/en\/wp-json\/wp\/v2\/posts\/3047\/revisions\/3234"}],"wp:featuredmedia":[{"embeddable":true,"href":"https:\/\/galerijajaksic.com\/en\/wp-json\/wp\/v2\/media\/2162"}],"wp:attachment":[{"href":"https:\/\/galerijajaksic.com\/en\/wp-json\/wp\/v2\/media?parent=3047"}],"wp:term":[{"taxonomy":"category","embeddable":true,"href":"https:\/\/galerijajaksic.com\/en\/wp-json\/wp\/v2\/categories?post=3047"},{"taxonomy":"post_tag","embeddable":true,"href":"https:\/\/galerijajaksic.com\/en\/wp-json\/wp\/v2\/tags?post=3047"}],"curies":[{"name":"wp","href":"https:\/\/api.w.org\/{rel}","templated":true}]}}