{"id":3059,"date":"2020-08-07T13:09:36","date_gmt":"2020-08-07T13:09:36","guid":{"rendered":"https:\/\/galerijajaksic.com\/exhibition-by-lovro-jaksic-entitled-records-from-the-inner-quarry\/"},"modified":"2022-03-23T15:38:17","modified_gmt":"2022-03-23T15:38:17","slug":"exhibition-by-lovro-jaksic-entitled-records-from-the-inner-quarry","status":"publish","type":"post","link":"https:\/\/galerijajaksic.com\/en\/exhibition-by-lovro-jaksic-entitled-records-from-the-inner-quarry\/","title":{"rendered":"Exhibition by Lovre Jak\u0161i\u0107 entitled &#8220;Records from the inner quarry&#8221;"},"content":{"rendered":"\n\t\t\t<style type='text\/css'>\n\t\t\t\t#sc_gallery-1 {\n\t\t\t\t\tmargin: auto;\n\t\t\t\t}\n\t\t\t\t#sc_gallery-1 .gallery-item {\n\t\t\t\t\tfloat: left;\n\t\t\t\t\tmargin-top: 10px;\n\t\t\t\t\ttext-align: center;\n\t\t\t\t\twidth: 33.33%;\n\t\t\t\t}\n\t\t\t\t#sc_gallery-1 img {\n\t\t\t\t\tborder: 2px solid #cfcfcf;\n\t\t\t\t}\n\t\t\t\t#sc_gallery-1 .gallery-caption {\n\t\t\t\t\tmargin-left: 0;\n\t\t\t\t}\n\t\t\t\t\/* see sc_gallery() in functions\/theme-shortcodes.php *\/\n\t\t\t<\/style>\n\t\t<div id='sc_gallery-1' class='gallery galleryid-3059 gallery-columns-3 gallery-size-large file'><dl class='gallery-item'>\n\t\t\t\t<dt class='gallery-icon landscape'>\n\t\t\t\t\t<a href='https:\/\/galerijajaksic.com\/wp-content\/uploads\/2020\/10\/Lovre_jaksic_kamene_skulpture_Bijeli-bra\u010dki-kamen_branislav-de\u0161kovi\u01072.jpg'><img width=\"1024\" height=\"1024\" src=\"https:\/\/galerijajaksic.com\/wp-content\/uploads\/2020\/10\/Lovre_jaksic_kamene_skulpture_Bijeli-bra\u010dki-kamen_branislav-de\u0161kovi\u01072-1024x1024.jpg\" class=\"attachment-large size-large\" alt=\"Lovre_jaksic_hrvatski_kipar\" loading=\"lazy\" srcset=\"https:\/\/galerijajaksic.com\/wp-content\/uploads\/2020\/10\/Lovre_jaksic_kamene_skulpture_Bijeli-bra\u010dki-kamen_branislav-de\u0161kovi\u01072-1024x1024.jpg 1024w, https:\/\/galerijajaksic.com\/wp-content\/uploads\/2020\/10\/Lovre_jaksic_kamene_skulpture_Bijeli-bra\u010dki-kamen_branislav-de\u0161kovi\u01072-150x150.jpg 150w, https:\/\/galerijajaksic.com\/wp-content\/uploads\/2020\/10\/Lovre_jaksic_kamene_skulpture_Bijeli-bra\u010dki-kamen_branislav-de\u0161kovi\u01072-300x300.jpg 300w, https:\/\/galerijajaksic.com\/wp-content\/uploads\/2020\/10\/Lovre_jaksic_kamene_skulpture_Bijeli-bra\u010dki-kamen_branislav-de\u0161kovi\u01072-768x768.jpg 768w, https:\/\/galerijajaksic.com\/wp-content\/uploads\/2020\/10\/Lovre_jaksic_kamene_skulpture_Bijeli-bra\u010dki-kamen_branislav-de\u0161kovi\u01072-146x146.jpg 146w, https:\/\/galerijajaksic.com\/wp-content\/uploads\/2020\/10\/Lovre_jaksic_kamene_skulpture_Bijeli-bra\u010dki-kamen_branislav-de\u0161kovi\u01072-50x50.jpg 50w, https:\/\/galerijajaksic.com\/wp-content\/uploads\/2020\/10\/Lovre_jaksic_kamene_skulpture_Bijeli-bra\u010dki-kamen_branislav-de\u0161kovi\u01072-75x75.jpg 75w, https:\/\/galerijajaksic.com\/wp-content\/uploads\/2020\/10\/Lovre_jaksic_kamene_skulpture_Bijeli-bra\u010dki-kamen_branislav-de\u0161kovi\u01072-85x85.jpg 85w, https:\/\/galerijajaksic.com\/wp-content\/uploads\/2020\/10\/Lovre_jaksic_kamene_skulpture_Bijeli-bra\u010dki-kamen_branislav-de\u0161kovi\u01072-80x80.jpg 80w, https:\/\/galerijajaksic.com\/wp-content\/uploads\/2020\/10\/Lovre_jaksic_kamene_skulpture_Bijeli-bra\u010dki-kamen_branislav-de\u0161kovi\u01072.jpg 1300w\" sizes=\"(max-width: 1024px) 100vw, 1024px\" \/><\/a>\n\t\t\t\t<\/dt>\n\t\t\t\t\t<dd class='wp-caption-text gallery-caption'>\n\t\t\t\t\tIzlo\u017eba Lovre Jak\u0161i\u0107a &#8220;Zapisi iz unutra\u0161njeg kamenoloma&#8221;\n\t\t\t\t\t<\/dd><\/dl><dl class='gallery-item'>\n\t\t\t\t<dt class='gallery-icon landscape'>\n\t\t\t\t\t<a href='https:\/\/galerijajaksic.com\/wp-content\/uploads\/2020\/10\/Lovre_jaksic_kamene_skulpture_Bijeli-bra\u010dki-kamen_branislav-de\u0161kovi\u01071.jpg'><img width=\"1024\" height=\"1024\" src=\"https:\/\/galerijajaksic.com\/wp-content\/uploads\/2020\/10\/Lovre_jaksic_kamene_skulpture_Bijeli-bra\u010dki-kamen_branislav-de\u0161kovi\u01071-1024x1024.jpg\" class=\"attachment-large size-large\" alt=\"Lovre_jaksic_hrvatski_kipar\" loading=\"lazy\" srcset=\"https:\/\/galerijajaksic.com\/wp-content\/uploads\/2020\/10\/Lovre_jaksic_kamene_skulpture_Bijeli-bra\u010dki-kamen_branislav-de\u0161kovi\u01071-1024x1024.jpg 1024w, https:\/\/galerijajaksic.com\/wp-content\/uploads\/2020\/10\/Lovre_jaksic_kamene_skulpture_Bijeli-bra\u010dki-kamen_branislav-de\u0161kovi\u01071-150x150.jpg 150w, https:\/\/galerijajaksic.com\/wp-content\/uploads\/2020\/10\/Lovre_jaksic_kamene_skulpture_Bijeli-bra\u010dki-kamen_branislav-de\u0161kovi\u01071-300x300.jpg 300w, https:\/\/galerijajaksic.com\/wp-content\/uploads\/2020\/10\/Lovre_jaksic_kamene_skulpture_Bijeli-bra\u010dki-kamen_branislav-de\u0161kovi\u01071-768x768.jpg 768w, https:\/\/galerijajaksic.com\/wp-content\/uploads\/2020\/10\/Lovre_jaksic_kamene_skulpture_Bijeli-bra\u010dki-kamen_branislav-de\u0161kovi\u01071-146x146.jpg 146w, https:\/\/galerijajaksic.com\/wp-content\/uploads\/2020\/10\/Lovre_jaksic_kamene_skulpture_Bijeli-bra\u010dki-kamen_branislav-de\u0161kovi\u01071-50x50.jpg 50w, https:\/\/galerijajaksic.com\/wp-content\/uploads\/2020\/10\/Lovre_jaksic_kamene_skulpture_Bijeli-bra\u010dki-kamen_branislav-de\u0161kovi\u01071-75x75.jpg 75w, https:\/\/galerijajaksic.com\/wp-content\/uploads\/2020\/10\/Lovre_jaksic_kamene_skulpture_Bijeli-bra\u010dki-kamen_branislav-de\u0161kovi\u01071-85x85.jpg 85w, https:\/\/galerijajaksic.com\/wp-content\/uploads\/2020\/10\/Lovre_jaksic_kamene_skulpture_Bijeli-bra\u010dki-kamen_branislav-de\u0161kovi\u01071-80x80.jpg 80w, https:\/\/galerijajaksic.com\/wp-content\/uploads\/2020\/10\/Lovre_jaksic_kamene_skulpture_Bijeli-bra\u010dki-kamen_branislav-de\u0161kovi\u01071.jpg 1300w\" sizes=\"(max-width: 1024px) 100vw, 1024px\" \/><\/a>\n\t\t\t\t<\/dt>\n\t\t\t\t\t<dd class='wp-caption-text gallery-caption'>\n\t\t\t\t\tIzlo\u017eba Lovre Jak\u0161i\u0107a &#8220;Zapisi iz unutra\u0161njeg kamenoloma&#8221;\n\t\t\t\t\t<\/dd><\/dl><dl class='gallery-item'>\n\t\t\t\t<dt class='gallery-icon landscape'>\n\t\t\t\t\t<a href='https:\/\/galerijajaksic.com\/wp-content\/uploads\/2020\/10\/Lovre_jaksic_kamene_skulpture_Bijeli-bra\u010dki-kamen_branislav-de\u0161kovi\u01073.jpg'><img width=\"1024\" height=\"1024\" src=\"https:\/\/galerijajaksic.com\/wp-content\/uploads\/2020\/10\/Lovre_jaksic_kamene_skulpture_Bijeli-bra\u010dki-kamen_branislav-de\u0161kovi\u01073-1024x1024.jpg\" class=\"attachment-large size-large\" alt=\"Lovre_jaksic_hrvatski_kipar\" loading=\"lazy\" srcset=\"https:\/\/galerijajaksic.com\/wp-content\/uploads\/2020\/10\/Lovre_jaksic_kamene_skulpture_Bijeli-bra\u010dki-kamen_branislav-de\u0161kovi\u01073-1024x1024.jpg 1024w, https:\/\/galerijajaksic.com\/wp-content\/uploads\/2020\/10\/Lovre_jaksic_kamene_skulpture_Bijeli-bra\u010dki-kamen_branislav-de\u0161kovi\u01073-150x150.jpg 150w, https:\/\/galerijajaksic.com\/wp-content\/uploads\/2020\/10\/Lovre_jaksic_kamene_skulpture_Bijeli-bra\u010dki-kamen_branislav-de\u0161kovi\u01073-300x300.jpg 300w, https:\/\/galerijajaksic.com\/wp-content\/uploads\/2020\/10\/Lovre_jaksic_kamene_skulpture_Bijeli-bra\u010dki-kamen_branislav-de\u0161kovi\u01073-768x768.jpg 768w, https:\/\/galerijajaksic.com\/wp-content\/uploads\/2020\/10\/Lovre_jaksic_kamene_skulpture_Bijeli-bra\u010dki-kamen_branislav-de\u0161kovi\u01073-146x146.jpg 146w, https:\/\/galerijajaksic.com\/wp-content\/uploads\/2020\/10\/Lovre_jaksic_kamene_skulpture_Bijeli-bra\u010dki-kamen_branislav-de\u0161kovi\u01073-50x50.jpg 50w, https:\/\/galerijajaksic.com\/wp-content\/uploads\/2020\/10\/Lovre_jaksic_kamene_skulpture_Bijeli-bra\u010dki-kamen_branislav-de\u0161kovi\u01073-75x75.jpg 75w, https:\/\/galerijajaksic.com\/wp-content\/uploads\/2020\/10\/Lovre_jaksic_kamene_skulpture_Bijeli-bra\u010dki-kamen_branislav-de\u0161kovi\u01073-85x85.jpg 85w, https:\/\/galerijajaksic.com\/wp-content\/uploads\/2020\/10\/Lovre_jaksic_kamene_skulpture_Bijeli-bra\u010dki-kamen_branislav-de\u0161kovi\u01073-80x80.jpg 80w, https:\/\/galerijajaksic.com\/wp-content\/uploads\/2020\/10\/Lovre_jaksic_kamene_skulpture_Bijeli-bra\u010dki-kamen_branislav-de\u0161kovi\u01073.jpg 1200w\" sizes=\"(max-width: 1024px) 100vw, 1024px\" \/><\/a>\n\t\t\t\t<\/dt>\n\t\t\t\t\t<dd class='wp-caption-text gallery-caption'>\n\t\t\t\t\tIzlo\u017eba Lovre Jak\u0161i\u0107a &#8220;Zapisi iz unutra\u0161njeg kamenoloma&#8221;\n\t\t\t\t\t<\/dd><\/dl><br style=\"clear: both\" \/><dl class='gallery-item'>\n\t\t\t\t<dt class='gallery-icon landscape'>\n\t\t\t\t\t<a href='https:\/\/galerijajaksic.com\/wp-content\/uploads\/2020\/10\/lovre_jaksic_izlozba_sculpture7.jpg'><img width=\"1024\" height=\"1024\" src=\"https:\/\/galerijajaksic.com\/wp-content\/uploads\/2020\/10\/lovre_jaksic_izlozba_sculpture7-1024x1024.jpg\" class=\"attachment-large size-large\" alt=\"Lovre_jaksic_hrvatski_kipar\" loading=\"lazy\" srcset=\"https:\/\/galerijajaksic.com\/wp-content\/uploads\/2020\/10\/lovre_jaksic_izlozba_sculpture7-1024x1024.jpg 1024w, https:\/\/galerijajaksic.com\/wp-content\/uploads\/2020\/10\/lovre_jaksic_izlozba_sculpture7-150x150.jpg 150w, https:\/\/galerijajaksic.com\/wp-content\/uploads\/2020\/10\/lovre_jaksic_izlozba_sculpture7-300x300.jpg 300w, https:\/\/galerijajaksic.com\/wp-content\/uploads\/2020\/10\/lovre_jaksic_izlozba_sculpture7-768x768.jpg 768w, https:\/\/galerijajaksic.com\/wp-content\/uploads\/2020\/10\/lovre_jaksic_izlozba_sculpture7-146x146.jpg 146w, https:\/\/galerijajaksic.com\/wp-content\/uploads\/2020\/10\/lovre_jaksic_izlozba_sculpture7-50x50.jpg 50w, https:\/\/galerijajaksic.com\/wp-content\/uploads\/2020\/10\/lovre_jaksic_izlozba_sculpture7-75x75.jpg 75w, https:\/\/galerijajaksic.com\/wp-content\/uploads\/2020\/10\/lovre_jaksic_izlozba_sculpture7-85x85.jpg 85w, https:\/\/galerijajaksic.com\/wp-content\/uploads\/2020\/10\/lovre_jaksic_izlozba_sculpture7-80x80.jpg 80w, https:\/\/galerijajaksic.com\/wp-content\/uploads\/2020\/10\/lovre_jaksic_izlozba_sculpture7.jpg 1200w\" sizes=\"(max-width: 1024px) 100vw, 1024px\" \/><\/a>\n\t\t\t\t<\/dt>\n\t\t\t\t\t<dd class='wp-caption-text gallery-caption'>\n\t\t\t\t\tIzlo\u017eba Lovre Jak\u0161i\u0107a &#8220;Zapisi iz unutra\u0161njeg kamenoloma&#8221;\n\t\t\t\t\t<\/dd><\/dl><dl class='gallery-item'>\n\t\t\t\t<dt class='gallery-icon landscape'>\n\t\t\t\t\t<a href='https:\/\/galerijajaksic.com\/wp-content\/uploads\/2020\/10\/lovre_jaksic_izlozba_sculpture1_tino_vukovic.jpg'><img width=\"1024\" height=\"1024\" src=\"https:\/\/galerijajaksic.com\/wp-content\/uploads\/2020\/10\/lovre_jaksic_izlozba_sculpture1_tino_vukovic-1024x1024.jpg\" class=\"attachment-large size-large\" alt=\"Tino Vukovic Lovre Jaksic\" loading=\"lazy\" srcset=\"https:\/\/galerijajaksic.com\/wp-content\/uploads\/2020\/10\/lovre_jaksic_izlozba_sculpture1_tino_vukovic-1024x1024.jpg 1024w, https:\/\/galerijajaksic.com\/wp-content\/uploads\/2020\/10\/lovre_jaksic_izlozba_sculpture1_tino_vukovic-150x150.jpg 150w, https:\/\/galerijajaksic.com\/wp-content\/uploads\/2020\/10\/lovre_jaksic_izlozba_sculpture1_tino_vukovic-300x300.jpg 300w, https:\/\/galerijajaksic.com\/wp-content\/uploads\/2020\/10\/lovre_jaksic_izlozba_sculpture1_tino_vukovic-768x768.jpg 768w, https:\/\/galerijajaksic.com\/wp-content\/uploads\/2020\/10\/lovre_jaksic_izlozba_sculpture1_tino_vukovic-146x146.jpg 146w, https:\/\/galerijajaksic.com\/wp-content\/uploads\/2020\/10\/lovre_jaksic_izlozba_sculpture1_tino_vukovic-50x50.jpg 50w, https:\/\/galerijajaksic.com\/wp-content\/uploads\/2020\/10\/lovre_jaksic_izlozba_sculpture1_tino_vukovic-75x75.jpg 75w, https:\/\/galerijajaksic.com\/wp-content\/uploads\/2020\/10\/lovre_jaksic_izlozba_sculpture1_tino_vukovic-85x85.jpg 85w, https:\/\/galerijajaksic.com\/wp-content\/uploads\/2020\/10\/lovre_jaksic_izlozba_sculpture1_tino_vukovic-80x80.jpg 80w, https:\/\/galerijajaksic.com\/wp-content\/uploads\/2020\/10\/lovre_jaksic_izlozba_sculpture1_tino_vukovic.jpg 1200w\" sizes=\"(max-width: 1024px) 100vw, 1024px\" \/><\/a>\n\t\t\t\t<\/dt>\n\t\t\t\t\t<dd class='wp-caption-text gallery-caption'>\n\t\t\t\t\tIzlo\u017eba Lovre Jak\u0161i\u0107a &#8220;Zapisi iz unutra\u0161njeg kamenoloma&#8221;\n\t\t\t\t\t<\/dd><\/dl><dl class='gallery-item'>\n\t\t\t\t<dt class='gallery-icon landscape'>\n\t\t\t\t\t<a href='https:\/\/galerijajaksic.com\/wp-content\/uploads\/2020\/10\/lovre_jaksic_izlozba_sculpture9.jpg'><img width=\"1024\" height=\"1024\" src=\"https:\/\/galerijajaksic.com\/wp-content\/uploads\/2020\/10\/lovre_jaksic_izlozba_sculpture9-1024x1024.jpg\" class=\"attachment-large size-large\" alt=\"Lovre_jaksic_hrvatski_kipar\" loading=\"lazy\" srcset=\"https:\/\/galerijajaksic.com\/wp-content\/uploads\/2020\/10\/lovre_jaksic_izlozba_sculpture9-1024x1024.jpg 1024w, https:\/\/galerijajaksic.com\/wp-content\/uploads\/2020\/10\/lovre_jaksic_izlozba_sculpture9-150x150.jpg 150w, https:\/\/galerijajaksic.com\/wp-content\/uploads\/2020\/10\/lovre_jaksic_izlozba_sculpture9-300x300.jpg 300w, https:\/\/galerijajaksic.com\/wp-content\/uploads\/2020\/10\/lovre_jaksic_izlozba_sculpture9-768x768.jpg 768w, https:\/\/galerijajaksic.com\/wp-content\/uploads\/2020\/10\/lovre_jaksic_izlozba_sculpture9-146x146.jpg 146w, https:\/\/galerijajaksic.com\/wp-content\/uploads\/2020\/10\/lovre_jaksic_izlozba_sculpture9-50x50.jpg 50w, https:\/\/galerijajaksic.com\/wp-content\/uploads\/2020\/10\/lovre_jaksic_izlozba_sculpture9-75x75.jpg 75w, https:\/\/galerijajaksic.com\/wp-content\/uploads\/2020\/10\/lovre_jaksic_izlozba_sculpture9-85x85.jpg 85w, https:\/\/galerijajaksic.com\/wp-content\/uploads\/2020\/10\/lovre_jaksic_izlozba_sculpture9-80x80.jpg 80w, https:\/\/galerijajaksic.com\/wp-content\/uploads\/2020\/10\/lovre_jaksic_izlozba_sculpture9.jpg 1200w\" sizes=\"(max-width: 1024px) 100vw, 1024px\" \/><\/a>\n\t\t\t\t<\/dt>\n\t\t\t\t\t<dd class='wp-caption-text gallery-caption'>\n\t\t\t\t\tIzlo\u017eba Lovre Jak\u0161i\u0107a &#8220;Zapisi iz unutra\u0161njeg kamenoloma&#8221;\n\t\t\t\t\t<\/dd><\/dl><br style=\"clear: both\" \/><dl class='gallery-item'>\n\t\t\t\t<dt class='gallery-icon landscape'>\n\t\t\t\t\t<a href='https:\/\/galerijajaksic.com\/wp-content\/uploads\/2020\/10\/lovre_jaksic_izlozba_sculpture10.jpg'><img width=\"1024\" height=\"1024\" src=\"https:\/\/galerijajaksic.com\/wp-content\/uploads\/2020\/10\/lovre_jaksic_izlozba_sculpture10-1024x1024.jpg\" class=\"attachment-large size-large\" alt=\"Lovre_jaksic_hrvatski_kipar\" loading=\"lazy\" srcset=\"https:\/\/galerijajaksic.com\/wp-content\/uploads\/2020\/10\/lovre_jaksic_izlozba_sculpture10-1024x1024.jpg 1024w, https:\/\/galerijajaksic.com\/wp-content\/uploads\/2020\/10\/lovre_jaksic_izlozba_sculpture10-150x150.jpg 150w, https:\/\/galerijajaksic.com\/wp-content\/uploads\/2020\/10\/lovre_jaksic_izlozba_sculpture10-300x300.jpg 300w, https:\/\/galerijajaksic.com\/wp-content\/uploads\/2020\/10\/lovre_jaksic_izlozba_sculpture10-768x768.jpg 768w, https:\/\/galerijajaksic.com\/wp-content\/uploads\/2020\/10\/lovre_jaksic_izlozba_sculpture10-146x146.jpg 146w, https:\/\/galerijajaksic.com\/wp-content\/uploads\/2020\/10\/lovre_jaksic_izlozba_sculpture10-50x50.jpg 50w, https:\/\/galerijajaksic.com\/wp-content\/uploads\/2020\/10\/lovre_jaksic_izlozba_sculpture10-75x75.jpg 75w, https:\/\/galerijajaksic.com\/wp-content\/uploads\/2020\/10\/lovre_jaksic_izlozba_sculpture10-85x85.jpg 85w, https:\/\/galerijajaksic.com\/wp-content\/uploads\/2020\/10\/lovre_jaksic_izlozba_sculpture10-80x80.jpg 80w, https:\/\/galerijajaksic.com\/wp-content\/uploads\/2020\/10\/lovre_jaksic_izlozba_sculpture10.jpg 1200w\" sizes=\"(max-width: 1024px) 100vw, 1024px\" \/><\/a>\n\t\t\t\t<\/dt>\n\t\t\t\t\t<dd class='wp-caption-text gallery-caption'>\n\t\t\t\t\tIzlo\u017eba Lovre Jak\u0161i\u0107a &#8220;Zapisi iz unutra\u0161njeg kamenoloma&#8221;\n\t\t\t\t\t<\/dd><\/dl><dl class='gallery-item'>\n\t\t\t\t<dt class='gallery-icon landscape'>\n\t\t\t\t\t<a href='https:\/\/galerijajaksic.com\/wp-content\/uploads\/2020\/10\/lovre_jaksic_izlozba_sculpture8.jpg'><img width=\"1024\" height=\"1024\" src=\"https:\/\/galerijajaksic.com\/wp-content\/uploads\/2020\/10\/lovre_jaksic_izlozba_sculpture8-1024x1024.jpg\" class=\"attachment-large size-large\" alt=\"Lovre_jaksic_hrvatski_kipar\" loading=\"lazy\" srcset=\"https:\/\/galerijajaksic.com\/wp-content\/uploads\/2020\/10\/lovre_jaksic_izlozba_sculpture8-1024x1024.jpg 1024w, https:\/\/galerijajaksic.com\/wp-content\/uploads\/2020\/10\/lovre_jaksic_izlozba_sculpture8-150x150.jpg 150w, https:\/\/galerijajaksic.com\/wp-content\/uploads\/2020\/10\/lovre_jaksic_izlozba_sculpture8-300x300.jpg 300w, https:\/\/galerijajaksic.com\/wp-content\/uploads\/2020\/10\/lovre_jaksic_izlozba_sculpture8-768x768.jpg 768w, https:\/\/galerijajaksic.com\/wp-content\/uploads\/2020\/10\/lovre_jaksic_izlozba_sculpture8-146x146.jpg 146w, https:\/\/galerijajaksic.com\/wp-content\/uploads\/2020\/10\/lovre_jaksic_izlozba_sculpture8-50x50.jpg 50w, https:\/\/galerijajaksic.com\/wp-content\/uploads\/2020\/10\/lovre_jaksic_izlozba_sculpture8-75x75.jpg 75w, https:\/\/galerijajaksic.com\/wp-content\/uploads\/2020\/10\/lovre_jaksic_izlozba_sculpture8-85x85.jpg 85w, https:\/\/galerijajaksic.com\/wp-content\/uploads\/2020\/10\/lovre_jaksic_izlozba_sculpture8-80x80.jpg 80w, https:\/\/galerijajaksic.com\/wp-content\/uploads\/2020\/10\/lovre_jaksic_izlozba_sculpture8.jpg 1200w\" sizes=\"(max-width: 1024px) 100vw, 1024px\" \/><\/a>\n\t\t\t\t<\/dt>\n\t\t\t\t\t<dd class='wp-caption-text gallery-caption'>\n\t\t\t\t\tIzlo\u017eba Lovre Jak\u0161i\u0107a &#8220;Zapisi iz unutra\u0161njeg kamenoloma&#8221;\n\t\t\t\t\t<\/dd><\/dl><dl class='gallery-item'>\n\t\t\t\t<dt class='gallery-icon landscape'>\n\t\t\t\t\t<a href='https:\/\/galerijajaksic.com\/wp-content\/uploads\/2020\/10\/tomislav-bekavac26.jpg'><img width=\"1024\" height=\"1024\" src=\"https:\/\/galerijajaksic.com\/wp-content\/uploads\/2020\/10\/tomislav-bekavac26-1024x1024.jpg\" class=\"attachment-large size-large\" alt=\"Lovre_jaksic_hrvatski_kipar\" loading=\"lazy\" srcset=\"https:\/\/galerijajaksic.com\/wp-content\/uploads\/2020\/10\/tomislav-bekavac26-1024x1024.jpg 1024w, https:\/\/galerijajaksic.com\/wp-content\/uploads\/2020\/10\/tomislav-bekavac26-150x150.jpg 150w, https:\/\/galerijajaksic.com\/wp-content\/uploads\/2020\/10\/tomislav-bekavac26-300x300.jpg 300w, https:\/\/galerijajaksic.com\/wp-content\/uploads\/2020\/10\/tomislav-bekavac26-768x768.jpg 768w, https:\/\/galerijajaksic.com\/wp-content\/uploads\/2020\/10\/tomislav-bekavac26-146x146.jpg 146w, https:\/\/galerijajaksic.com\/wp-content\/uploads\/2020\/10\/tomislav-bekavac26-50x50.jpg 50w, https:\/\/galerijajaksic.com\/wp-content\/uploads\/2020\/10\/tomislav-bekavac26-75x75.jpg 75w, https:\/\/galerijajaksic.com\/wp-content\/uploads\/2020\/10\/tomislav-bekavac26-85x85.jpg 85w, https:\/\/galerijajaksic.com\/wp-content\/uploads\/2020\/10\/tomislav-bekavac26-80x80.jpg 80w, https:\/\/galerijajaksic.com\/wp-content\/uploads\/2020\/10\/tomislav-bekavac26.jpg 1200w\" sizes=\"(max-width: 1024px) 100vw, 1024px\" \/><\/a>\n\t\t\t\t<\/dt>\n\t\t\t\t\t<dd class='wp-caption-text gallery-caption'>\n\t\t\t\t\tIzlo\u017eba Lovre Jak\u0161i\u0107a &#8220;Zapisi iz unutra\u0161njeg kamenoloma&#8221;\n\t\t\t\t\t<\/dd><\/dl><br style=\"clear: both\" \/><dl class='gallery-item'>\n\t\t\t\t<dt class='gallery-icon landscape'>\n\t\t\t\t\t<a href='https:\/\/galerijajaksic.com\/wp-content\/uploads\/2020\/10\/lovre_jaksic_izlozba_sculpture2.jpg'><img width=\"1024\" height=\"1024\" src=\"https:\/\/galerijajaksic.com\/wp-content\/uploads\/2020\/10\/lovre_jaksic_izlozba_sculpture2-1024x1024.jpg\" class=\"attachment-large size-large\" alt=\"Lovre_jaksic_hrvatski_kipar\" loading=\"lazy\" srcset=\"https:\/\/galerijajaksic.com\/wp-content\/uploads\/2020\/10\/lovre_jaksic_izlozba_sculpture2-1024x1024.jpg 1024w, https:\/\/galerijajaksic.com\/wp-content\/uploads\/2020\/10\/lovre_jaksic_izlozba_sculpture2-150x150.jpg 150w, https:\/\/galerijajaksic.com\/wp-content\/uploads\/2020\/10\/lovre_jaksic_izlozba_sculpture2-300x300.jpg 300w, https:\/\/galerijajaksic.com\/wp-content\/uploads\/2020\/10\/lovre_jaksic_izlozba_sculpture2-768x768.jpg 768w, https:\/\/galerijajaksic.com\/wp-content\/uploads\/2020\/10\/lovre_jaksic_izlozba_sculpture2-146x146.jpg 146w, https:\/\/galerijajaksic.com\/wp-content\/uploads\/2020\/10\/lovre_jaksic_izlozba_sculpture2-50x50.jpg 50w, https:\/\/galerijajaksic.com\/wp-content\/uploads\/2020\/10\/lovre_jaksic_izlozba_sculpture2-75x75.jpg 75w, https:\/\/galerijajaksic.com\/wp-content\/uploads\/2020\/10\/lovre_jaksic_izlozba_sculpture2-85x85.jpg 85w, https:\/\/galerijajaksic.com\/wp-content\/uploads\/2020\/10\/lovre_jaksic_izlozba_sculpture2-80x80.jpg 80w, https:\/\/galerijajaksic.com\/wp-content\/uploads\/2020\/10\/lovre_jaksic_izlozba_sculpture2.jpg 1200w\" sizes=\"(max-width: 1024px) 100vw, 1024px\" \/><\/a>\n\t\t\t\t<\/dt>\n\t\t\t\t\t<dd class='wp-caption-text gallery-caption'>\n\t\t\t\t\tIzlo\u017eba Lovre Jak\u0161i\u0107a &#8220;Zapisi iz unutra\u0161njeg kamenoloma&#8221;\n\t\t\t\t\t<\/dd><\/dl><dl class='gallery-item'>\n\t\t\t\t<dt class='gallery-icon landscape'>\n\t\t\t\t\t<a href='https:\/\/galerijajaksic.com\/wp-content\/uploads\/2020\/10\/lovre_jaksic_izlozba_sculpture4.jpg'><img width=\"1024\" height=\"1024\" src=\"https:\/\/galerijajaksic.com\/wp-content\/uploads\/2020\/10\/lovre_jaksic_izlozba_sculpture4-1024x1024.jpg\" class=\"attachment-large size-large\" alt=\"Lovre_jaksic_hrvatski_kipar\" loading=\"lazy\" srcset=\"https:\/\/galerijajaksic.com\/wp-content\/uploads\/2020\/10\/lovre_jaksic_izlozba_sculpture4-1024x1024.jpg 1024w, https:\/\/galerijajaksic.com\/wp-content\/uploads\/2020\/10\/lovre_jaksic_izlozba_sculpture4-150x150.jpg 150w, https:\/\/galerijajaksic.com\/wp-content\/uploads\/2020\/10\/lovre_jaksic_izlozba_sculpture4-300x300.jpg 300w, https:\/\/galerijajaksic.com\/wp-content\/uploads\/2020\/10\/lovre_jaksic_izlozba_sculpture4-768x768.jpg 768w, https:\/\/galerijajaksic.com\/wp-content\/uploads\/2020\/10\/lovre_jaksic_izlozba_sculpture4-146x146.jpg 146w, https:\/\/galerijajaksic.com\/wp-content\/uploads\/2020\/10\/lovre_jaksic_izlozba_sculpture4-50x50.jpg 50w, https:\/\/galerijajaksic.com\/wp-content\/uploads\/2020\/10\/lovre_jaksic_izlozba_sculpture4-75x75.jpg 75w, https:\/\/galerijajaksic.com\/wp-content\/uploads\/2020\/10\/lovre_jaksic_izlozba_sculpture4-85x85.jpg 85w, https:\/\/galerijajaksic.com\/wp-content\/uploads\/2020\/10\/lovre_jaksic_izlozba_sculpture4-80x80.jpg 80w, https:\/\/galerijajaksic.com\/wp-content\/uploads\/2020\/10\/lovre_jaksic_izlozba_sculpture4.jpg 1200w\" sizes=\"(max-width: 1024px) 100vw, 1024px\" \/><\/a>\n\t\t\t\t<\/dt>\n\t\t\t\t\t<dd class='wp-caption-text gallery-caption'>\n\t\t\t\t\tIzlo\u017eba Lovre Jak\u0161i\u0107a &#8220;Zapisi iz unutra\u0161njeg kamenoloma&#8221;\n\t\t\t\t\t<\/dd><\/dl><dl class='gallery-item'>\n\t\t\t\t<dt class='gallery-icon landscape'>\n\t\t\t\t\t<a href='https:\/\/galerijajaksic.com\/wp-content\/uploads\/2020\/10\/lovre_jaksic_izlozba_sculpture5.jpg'><img width=\"1024\" height=\"1024\" src=\"https:\/\/galerijajaksic.com\/wp-content\/uploads\/2020\/10\/lovre_jaksic_izlozba_sculpture5-1024x1024.jpg\" class=\"attachment-large size-large\" alt=\"Lovre_jaksic_hrvatski_kipar\" loading=\"lazy\" srcset=\"https:\/\/galerijajaksic.com\/wp-content\/uploads\/2020\/10\/lovre_jaksic_izlozba_sculpture5-1024x1024.jpg 1024w, https:\/\/galerijajaksic.com\/wp-content\/uploads\/2020\/10\/lovre_jaksic_izlozba_sculpture5-150x150.jpg 150w, https:\/\/galerijajaksic.com\/wp-content\/uploads\/2020\/10\/lovre_jaksic_izlozba_sculpture5-300x300.jpg 300w, https:\/\/galerijajaksic.com\/wp-content\/uploads\/2020\/10\/lovre_jaksic_izlozba_sculpture5-768x768.jpg 768w, https:\/\/galerijajaksic.com\/wp-content\/uploads\/2020\/10\/lovre_jaksic_izlozba_sculpture5-146x146.jpg 146w, https:\/\/galerijajaksic.com\/wp-content\/uploads\/2020\/10\/lovre_jaksic_izlozba_sculpture5-50x50.jpg 50w, https:\/\/galerijajaksic.com\/wp-content\/uploads\/2020\/10\/lovre_jaksic_izlozba_sculpture5-75x75.jpg 75w, https:\/\/galerijajaksic.com\/wp-content\/uploads\/2020\/10\/lovre_jaksic_izlozba_sculpture5-85x85.jpg 85w, https:\/\/galerijajaksic.com\/wp-content\/uploads\/2020\/10\/lovre_jaksic_izlozba_sculpture5-80x80.jpg 80w, https:\/\/galerijajaksic.com\/wp-content\/uploads\/2020\/10\/lovre_jaksic_izlozba_sculpture5.jpg 1200w\" sizes=\"(max-width: 1024px) 100vw, 1024px\" \/><\/a>\n\t\t\t\t<\/dt>\n\t\t\t\t\t<dd class='wp-caption-text gallery-caption'>\n\t\t\t\t\tIzlo\u017eba Lovre Jak\u0161i\u0107a &#8220;Zapisi iz unutra\u0161njeg kamenoloma&#8221;\n\t\t\t\t\t<\/dd><\/dl><br style=\"clear: both\" \/><dl class='gallery-item'>\n\t\t\t\t<dt class='gallery-icon landscape'>\n\t\t\t\t\t<a href='https:\/\/galerijajaksic.com\/wp-content\/uploads\/2020\/10\/lovre_jaksic_izlozba_sculpture3.jpg'><img width=\"1024\" height=\"1024\" src=\"https:\/\/galerijajaksic.com\/wp-content\/uploads\/2020\/10\/lovre_jaksic_izlozba_sculpture3-1024x1024.jpg\" class=\"attachment-large size-large\" alt=\"Lovre_jaksic_hrvatski_kipar\" loading=\"lazy\" srcset=\"https:\/\/galerijajaksic.com\/wp-content\/uploads\/2020\/10\/lovre_jaksic_izlozba_sculpture3-1024x1024.jpg 1024w, https:\/\/galerijajaksic.com\/wp-content\/uploads\/2020\/10\/lovre_jaksic_izlozba_sculpture3-150x150.jpg 150w, https:\/\/galerijajaksic.com\/wp-content\/uploads\/2020\/10\/lovre_jaksic_izlozba_sculpture3-300x300.jpg 300w, https:\/\/galerijajaksic.com\/wp-content\/uploads\/2020\/10\/lovre_jaksic_izlozba_sculpture3-768x768.jpg 768w, https:\/\/galerijajaksic.com\/wp-content\/uploads\/2020\/10\/lovre_jaksic_izlozba_sculpture3-146x146.jpg 146w, https:\/\/galerijajaksic.com\/wp-content\/uploads\/2020\/10\/lovre_jaksic_izlozba_sculpture3-50x50.jpg 50w, https:\/\/galerijajaksic.com\/wp-content\/uploads\/2020\/10\/lovre_jaksic_izlozba_sculpture3-75x75.jpg 75w, https:\/\/galerijajaksic.com\/wp-content\/uploads\/2020\/10\/lovre_jaksic_izlozba_sculpture3-85x85.jpg 85w, https:\/\/galerijajaksic.com\/wp-content\/uploads\/2020\/10\/lovre_jaksic_izlozba_sculpture3-80x80.jpg 80w, https:\/\/galerijajaksic.com\/wp-content\/uploads\/2020\/10\/lovre_jaksic_izlozba_sculpture3.jpg 1200w\" sizes=\"(max-width: 1024px) 100vw, 1024px\" \/><\/a>\n\t\t\t\t<\/dt>\n\t\t\t\t\t<dd class='wp-caption-text gallery-caption'>\n\t\t\t\t\tIzlo\u017eba Lovre Jak\u0161i\u0107a &#8220;Zapisi iz unutra\u0161njeg kamenoloma&#8221;\n\t\t\t\t\t<\/dd><\/dl><dl class='gallery-item'>\n\t\t\t\t<dt class='gallery-icon landscape'>\n\t\t\t\t\t<a href='https:\/\/galerijajaksic.com\/wp-content\/uploads\/2020\/10\/lovre_jaksic_izlozba_sculpture11.jpg'><img width=\"1024\" height=\"1024\" src=\"https:\/\/galerijajaksic.com\/wp-content\/uploads\/2020\/10\/lovre_jaksic_izlozba_sculpture11-1024x1024.jpg\" class=\"attachment-large size-large\" alt=\"Lovre_jaksic_hrvatski_kipar\" loading=\"lazy\" srcset=\"https:\/\/galerijajaksic.com\/wp-content\/uploads\/2020\/10\/lovre_jaksic_izlozba_sculpture11-1024x1024.jpg 1024w, https:\/\/galerijajaksic.com\/wp-content\/uploads\/2020\/10\/lovre_jaksic_izlozba_sculpture11-150x150.jpg 150w, https:\/\/galerijajaksic.com\/wp-content\/uploads\/2020\/10\/lovre_jaksic_izlozba_sculpture11-300x300.jpg 300w, https:\/\/galerijajaksic.com\/wp-content\/uploads\/2020\/10\/lovre_jaksic_izlozba_sculpture11-768x768.jpg 768w, https:\/\/galerijajaksic.com\/wp-content\/uploads\/2020\/10\/lovre_jaksic_izlozba_sculpture11-146x146.jpg 146w, https:\/\/galerijajaksic.com\/wp-content\/uploads\/2020\/10\/lovre_jaksic_izlozba_sculpture11-50x50.jpg 50w, https:\/\/galerijajaksic.com\/wp-content\/uploads\/2020\/10\/lovre_jaksic_izlozba_sculpture11-75x75.jpg 75w, https:\/\/galerijajaksic.com\/wp-content\/uploads\/2020\/10\/lovre_jaksic_izlozba_sculpture11-85x85.jpg 85w, https:\/\/galerijajaksic.com\/wp-content\/uploads\/2020\/10\/lovre_jaksic_izlozba_sculpture11-80x80.jpg 80w, https:\/\/galerijajaksic.com\/wp-content\/uploads\/2020\/10\/lovre_jaksic_izlozba_sculpture11.jpg 1200w\" sizes=\"(max-width: 1024px) 100vw, 1024px\" \/><\/a>\n\t\t\t\t<\/dt>\n\t\t\t\t\t<dd class='wp-caption-text gallery-caption'>\n\t\t\t\t\tIzlo\u017eba Lovre Jak\u0161i\u0107a &#8220;Zapisi iz unutra\u0161njeg kamenoloma&#8221;\n\t\t\t\t\t<\/dd><\/dl><dl class='gallery-item'>\n\t\t\t\t<dt class='gallery-icon landscape'>\n\t\t\t\t\t<a href='https:\/\/galerijajaksic.com\/wp-content\/uploads\/2020\/10\/lovre_jaksic_izlozba_sculpture12.jpg'><img width=\"1024\" height=\"1024\" src=\"https:\/\/galerijajaksic.com\/wp-content\/uploads\/2020\/10\/lovre_jaksic_izlozba_sculpture12-1024x1024.jpg\" class=\"attachment-large size-large\" alt=\"Lovre_jaksic_hrvatski_kipar\" loading=\"lazy\" srcset=\"https:\/\/galerijajaksic.com\/wp-content\/uploads\/2020\/10\/lovre_jaksic_izlozba_sculpture12-1024x1024.jpg 1024w, https:\/\/galerijajaksic.com\/wp-content\/uploads\/2020\/10\/lovre_jaksic_izlozba_sculpture12-150x150.jpg 150w, https:\/\/galerijajaksic.com\/wp-content\/uploads\/2020\/10\/lovre_jaksic_izlozba_sculpture12-300x300.jpg 300w, https:\/\/galerijajaksic.com\/wp-content\/uploads\/2020\/10\/lovre_jaksic_izlozba_sculpture12-768x768.jpg 768w, https:\/\/galerijajaksic.com\/wp-content\/uploads\/2020\/10\/lovre_jaksic_izlozba_sculpture12-146x146.jpg 146w, https:\/\/galerijajaksic.com\/wp-content\/uploads\/2020\/10\/lovre_jaksic_izlozba_sculpture12-50x50.jpg 50w, https:\/\/galerijajaksic.com\/wp-content\/uploads\/2020\/10\/lovre_jaksic_izlozba_sculpture12-75x75.jpg 75w, https:\/\/galerijajaksic.com\/wp-content\/uploads\/2020\/10\/lovre_jaksic_izlozba_sculpture12-85x85.jpg 85w, https:\/\/galerijajaksic.com\/wp-content\/uploads\/2020\/10\/lovre_jaksic_izlozba_sculpture12-80x80.jpg 80w, https:\/\/galerijajaksic.com\/wp-content\/uploads\/2020\/10\/lovre_jaksic_izlozba_sculpture12.jpg 1200w\" sizes=\"(max-width: 1024px) 100vw, 1024px\" \/><\/a>\n\t\t\t\t<\/dt>\n\t\t\t\t\t<dd class='wp-caption-text gallery-caption'>\n\t\t\t\t\tIzlo\u017eba Lovre Jak\u0161i\u0107a &#8220;Zapisi iz unutra\u0161njeg kamenoloma&#8221;\n\t\t\t\t\t<\/dd><\/dl><br style=\"clear: both\" \/>\n\t\t\t<\/div>\n\n<h3> Exhibition by Lovre Jak\u0161i\u0107 entitled &#8220;Notes from an internal quarry&#8221; <\/h3>\n<p>The solo exhibition of our sculptor Lovre Jak\u0161i\u0107 entitled &#8220;Notes from an inner quarry&#8221; was opened on August 5, 2020. at the Branislav De\u0161kovi\u0107 Art Gallery in Bol on the island of Bra\u010d. The curators of the exhibition are responsible for the impressive art exhibition of Lovre&#8217;s sculptures: the director of the Center for Culture of the Island of Bra\u010d, Jasna Damjanovi\u0107, and the curator of the Branislav De\u0161kovi\u0107 Gallery, Tino Vukovi\u0107. A review of Lovre&#8217;s works was written by the Croatian art historian and art critic Ive \u0160imat Banov. The opening of the exhibition was accompanied by very interesting sounds of stone and its processing prepared by Vanja Puri\u0107, while the graphic design of the entire exhibition was done by designer Goran Pavasovi\u0107. We are proud of the great response of visitors at the grand opening of the exhibition and we want to thank all the participants!<\/p>\n<p>Special thanks to the Center for Culture of the Island of Bra\u010d, the director of the center Jasna Damjanovi\u0107 and the curator of the exhibition Tin Vukasovi\u0107 for the excellent organization! Thanks also to photographers Pero Dragi\u010devi\u0107 and Tomislav Bekavac for the recorded moments.<\/p>\n","protected":false},"excerpt":{"rendered":"<p>Exhibition by Lovre Jak\u0161i\u0107 entitled &#8220;Notes from an internal quarry&#8221; The solo exhibition of our sculptor Lovre Jak\u0161i\u0107 entitled &#8220;Notes from an inner quarry&#8221; was opened<span class=\"excerpt-hellip\"> [\u2026]<\/span><\/p>\n","protected":false},"author":1,"featured_media":2172,"comment_status":"closed","ping_status":"closed","sticky":false,"template":"","format":"standard","meta":[],"categories":[49,52],"tags":[],"_links":{"self":[{"href":"https:\/\/galerijajaksic.com\/en\/wp-json\/wp\/v2\/posts\/3059"}],"collection":[{"href":"https:\/\/galerijajaksic.com\/en\/wp-json\/wp\/v2\/posts"}],"about":[{"href":"https:\/\/galerijajaksic.com\/en\/wp-json\/wp\/v2\/types\/post"}],"author":[{"embeddable":true,"href":"https:\/\/galerijajaksic.com\/en\/wp-json\/wp\/v2\/users\/1"}],"replies":[{"embeddable":true,"href":"https:\/\/galerijajaksic.com\/en\/wp-json\/wp\/v2\/comments?post=3059"}],"version-history":[{"count":2,"href":"https:\/\/galerijajaksic.com\/en\/wp-json\/wp\/v2\/posts\/3059\/revisions"}],"predecessor-version":[{"id":3233,"href":"https:\/\/galerijajaksic.com\/en\/wp-json\/wp\/v2\/posts\/3059\/revisions\/3233"}],"wp:featuredmedia":[{"embeddable":true,"href":"https:\/\/galerijajaksic.com\/en\/wp-json\/wp\/v2\/media\/2172"}],"wp:attachment":[{"href":"https:\/\/galerijajaksic.com\/en\/wp-json\/wp\/v2\/media?parent=3059"}],"wp:term":[{"taxonomy":"category","embeddable":true,"href":"https:\/\/galerijajaksic.com\/en\/wp-json\/wp\/v2\/categories?post=3059"},{"taxonomy":"post_tag","embeddable":true,"href":"https:\/\/galerijajaksic.com\/en\/wp-json\/wp\/v2\/tags?post=3059"}],"curies":[{"name":"wp","href":"https:\/\/api.w.org\/{rel}","templated":true}]}}