{"id":3073,"date":"2019-07-25T13:18:27","date_gmt":"2019-07-25T13:18:27","guid":{"rendered":"https:\/\/galerijajaksic.com\/interview-with-our-sculptor-lovro-jaksic\/"},"modified":"2022-03-23T15:33:15","modified_gmt":"2022-03-23T15:33:15","slug":"interview-with-our-sculptor-lovro-jaksic","status":"publish","type":"post","link":"https:\/\/galerijajaksic.com\/en\/interview-with-our-sculptor-lovro-jaksic\/","title":{"rendered":"Interview with our sculptor Lovre Jak\u0161i\u0107"},"content":{"rendered":"\n\t\t\t<style type='text\/css'>\n\t\t\t\t#sc_gallery-1 {\n\t\t\t\t\tmargin: auto;\n\t\t\t\t}\n\t\t\t\t#sc_gallery-1 .gallery-item {\n\t\t\t\t\tfloat: left;\n\t\t\t\t\tmargin-top: 10px;\n\t\t\t\t\ttext-align: center;\n\t\t\t\t\twidth: 33.33%;\n\t\t\t\t}\n\t\t\t\t#sc_gallery-1 img {\n\t\t\t\t\tborder: 2px solid #cfcfcf;\n\t\t\t\t}\n\t\t\t\t#sc_gallery-1 .gallery-caption {\n\t\t\t\t\tmargin-left: 0;\n\t\t\t\t}\n\t\t\t\t\/* see sc_gallery() in functions\/theme-shortcodes.php *\/\n\t\t\t<\/style>\n\t\t<div id='sc_gallery-1' class='gallery galleryid-3073 gallery-columns-3 gallery-size-large file'><dl class='gallery-item'>\n\t\t\t\t<dt class='gallery-icon landscape'>\n\t\t\t\t\t<a href='https:\/\/galerijajaksic.com\/wp-content\/uploads\/2019\/11\/Lovre_jaksic_kamene_skulpture2.jpg'><img width=\"1024\" height=\"1024\" src=\"https:\/\/galerijajaksic.com\/wp-content\/uploads\/2019\/11\/Lovre_jaksic_kamene_skulpture2-1024x1024.jpg\" class=\"attachment-large size-large\" alt=\"Lovre_jaksic_kamene_skulpture\" loading=\"lazy\" srcset=\"https:\/\/galerijajaksic.com\/wp-content\/uploads\/2019\/11\/Lovre_jaksic_kamene_skulpture2-1024x1024.jpg 1024w, https:\/\/galerijajaksic.com\/wp-content\/uploads\/2019\/11\/Lovre_jaksic_kamene_skulpture2-150x150.jpg 150w, https:\/\/galerijajaksic.com\/wp-content\/uploads\/2019\/11\/Lovre_jaksic_kamene_skulpture2-300x300.jpg 300w, https:\/\/galerijajaksic.com\/wp-content\/uploads\/2019\/11\/Lovre_jaksic_kamene_skulpture2-768x768.jpg 768w, https:\/\/galerijajaksic.com\/wp-content\/uploads\/2019\/11\/Lovre_jaksic_kamene_skulpture2-146x146.jpg 146w, https:\/\/galerijajaksic.com\/wp-content\/uploads\/2019\/11\/Lovre_jaksic_kamene_skulpture2-50x50.jpg 50w, https:\/\/galerijajaksic.com\/wp-content\/uploads\/2019\/11\/Lovre_jaksic_kamene_skulpture2-75x75.jpg 75w, https:\/\/galerijajaksic.com\/wp-content\/uploads\/2019\/11\/Lovre_jaksic_kamene_skulpture2-85x85.jpg 85w, https:\/\/galerijajaksic.com\/wp-content\/uploads\/2019\/11\/Lovre_jaksic_kamene_skulpture2-80x80.jpg 80w, https:\/\/galerijajaksic.com\/wp-content\/uploads\/2019\/11\/Lovre_jaksic_kamene_skulpture2.jpg 1080w\" sizes=\"(max-width: 1024px) 100vw, 1024px\" \/><\/a>\n\t\t\t\t<\/dt><\/dl><dl class='gallery-item'>\n\t\t\t\t<dt class='gallery-icon landscape'>\n\t\t\t\t\t<a href='https:\/\/galerijajaksic.com\/wp-content\/uploads\/2019\/11\/Lovre_jaksic_kamene_skulpture.jpg'><img width=\"1024\" height=\"1024\" src=\"https:\/\/galerijajaksic.com\/wp-content\/uploads\/2019\/11\/Lovre_jaksic_kamene_skulpture-1024x1024.jpg\" class=\"attachment-large size-large\" alt=\"Lovre_jaksic_kamene_skulpture\" loading=\"lazy\" srcset=\"https:\/\/galerijajaksic.com\/wp-content\/uploads\/2019\/11\/Lovre_jaksic_kamene_skulpture-1024x1024.jpg 1024w, https:\/\/galerijajaksic.com\/wp-content\/uploads\/2019\/11\/Lovre_jaksic_kamene_skulpture-150x150.jpg 150w, https:\/\/galerijajaksic.com\/wp-content\/uploads\/2019\/11\/Lovre_jaksic_kamene_skulpture-300x300.jpg 300w, https:\/\/galerijajaksic.com\/wp-content\/uploads\/2019\/11\/Lovre_jaksic_kamene_skulpture-768x768.jpg 768w, https:\/\/galerijajaksic.com\/wp-content\/uploads\/2019\/11\/Lovre_jaksic_kamene_skulpture-146x146.jpg 146w, https:\/\/galerijajaksic.com\/wp-content\/uploads\/2019\/11\/Lovre_jaksic_kamene_skulpture-50x50.jpg 50w, https:\/\/galerijajaksic.com\/wp-content\/uploads\/2019\/11\/Lovre_jaksic_kamene_skulpture-75x75.jpg 75w, https:\/\/galerijajaksic.com\/wp-content\/uploads\/2019\/11\/Lovre_jaksic_kamene_skulpture-85x85.jpg 85w, https:\/\/galerijajaksic.com\/wp-content\/uploads\/2019\/11\/Lovre_jaksic_kamene_skulpture-80x80.jpg 80w, https:\/\/galerijajaksic.com\/wp-content\/uploads\/2019\/11\/Lovre_jaksic_kamene_skulpture.jpg 1080w\" sizes=\"(max-width: 1024px) 100vw, 1024px\" \/><\/a>\n\t\t\t\t<\/dt><\/dl><dl class='gallery-item'>\n\t\t\t\t<dt class='gallery-icon landscape'>\n\t\t\t\t\t<a href='https:\/\/galerijajaksic.com\/wp-content\/uploads\/2019\/11\/Lovre_jaksic_kamene_skulpture3.jpg'><img width=\"1024\" height=\"1024\" src=\"https:\/\/galerijajaksic.com\/wp-content\/uploads\/2019\/11\/Lovre_jaksic_kamene_skulpture3-1024x1024.jpg\" class=\"attachment-large size-large\" alt=\"Lovre_jaksic_kamene_skulpture\" loading=\"lazy\" srcset=\"https:\/\/galerijajaksic.com\/wp-content\/uploads\/2019\/11\/Lovre_jaksic_kamene_skulpture3-1024x1024.jpg 1024w, https:\/\/galerijajaksic.com\/wp-content\/uploads\/2019\/11\/Lovre_jaksic_kamene_skulpture3-150x150.jpg 150w, https:\/\/galerijajaksic.com\/wp-content\/uploads\/2019\/11\/Lovre_jaksic_kamene_skulpture3-300x300.jpg 300w, https:\/\/galerijajaksic.com\/wp-content\/uploads\/2019\/11\/Lovre_jaksic_kamene_skulpture3-768x768.jpg 768w, https:\/\/galerijajaksic.com\/wp-content\/uploads\/2019\/11\/Lovre_jaksic_kamene_skulpture3-146x146.jpg 146w, https:\/\/galerijajaksic.com\/wp-content\/uploads\/2019\/11\/Lovre_jaksic_kamene_skulpture3-50x50.jpg 50w, https:\/\/galerijajaksic.com\/wp-content\/uploads\/2019\/11\/Lovre_jaksic_kamene_skulpture3-75x75.jpg 75w, https:\/\/galerijajaksic.com\/wp-content\/uploads\/2019\/11\/Lovre_jaksic_kamene_skulpture3-85x85.jpg 85w, https:\/\/galerijajaksic.com\/wp-content\/uploads\/2019\/11\/Lovre_jaksic_kamene_skulpture3-80x80.jpg 80w, https:\/\/galerijajaksic.com\/wp-content\/uploads\/2019\/11\/Lovre_jaksic_kamene_skulpture3.jpg 1080w\" sizes=\"(max-width: 1024px) 100vw, 1024px\" \/><\/a>\n\t\t\t\t<\/dt><\/dl><br style=\"clear: both\" \/>\n\t\t\t<\/div>\n\n<h3> Interview with our sculptor Lovre Jak\u0161i\u0107 <\/h3>\n<p>Journalist Miroslav Pelikan interviewed our academic sculptor Lovre Jak\u0161i\u0107 for the direkt.hr portal. Questions range from specific artistic handwriting to views on contemporary and traditional sculpture. Lovre also answers questions about future projects, even some that are still just an idea. The interview can be found at the link below the text where you can read more about Lovre&#8217;s creative process, material selection and current and future sculptural preoccupations.<\/p>\n<p><a href = \"https:\/\/direktno.hr\/zivot\/kultura\/akademski-kipar-lovre-jaksic-kamen-izabrao-mene-ne-ja-njeg-kreativnost-vazno-imati-dozu-djecje-rado-160351 \/?fbclid=IwAR2G0M-GCk3GNSbK-JDN9BqauZGuq5D6YCGQ4drVYXnO0itb2y6DpGbVBgM\">https:\/\/direktno.hr\/zivot-kultura\/akademski-kipar-lovre-jaksickam -djecje-rado-160351 \/? fbclid = IwAR2G0M-GCk3GNSbK-JDN9BqauZGuq5D6YCGQ4drVYXnO0itb2y6DpGbVBgM <\/a><\/p>\n","protected":false},"excerpt":{"rendered":"<p>Interview with our sculptor Lovre Jak\u0161i\u0107 Journalist Miroslav Pelikan interviewed our academic sculptor Lovre Jak\u0161i\u0107 for the direkt.hr portal. Questions range from specific artistic handwriting to<span class=\"excerpt-hellip\"> [\u2026]<\/span><\/p>\n","protected":false},"author":1,"featured_media":1931,"comment_status":"closed","ping_status":"closed","sticky":false,"template":"","format":"link","meta":[],"categories":[49,52],"tags":[],"_links":{"self":[{"href":"https:\/\/galerijajaksic.com\/en\/wp-json\/wp\/v2\/posts\/3073"}],"collection":[{"href":"https:\/\/galerijajaksic.com\/en\/wp-json\/wp\/v2\/posts"}],"about":[{"href":"https:\/\/galerijajaksic.com\/en\/wp-json\/wp\/v2\/types\/post"}],"author":[{"embeddable":true,"href":"https:\/\/galerijajaksic.com\/en\/wp-json\/wp\/v2\/users\/1"}],"replies":[{"embeddable":true,"href":"https:\/\/galerijajaksic.com\/en\/wp-json\/wp\/v2\/comments?post=3073"}],"version-history":[{"count":1,"href":"https:\/\/galerijajaksic.com\/en\/wp-json\/wp\/v2\/posts\/3073\/revisions"}],"predecessor-version":[{"id":3238,"href":"https:\/\/galerijajaksic.com\/en\/wp-json\/wp\/v2\/posts\/3073\/revisions\/3238"}],"wp:featuredmedia":[{"embeddable":true,"href":"https:\/\/galerijajaksic.com\/en\/wp-json\/wp\/v2\/media\/1931"}],"wp:attachment":[{"href":"https:\/\/galerijajaksic.com\/en\/wp-json\/wp\/v2\/media?parent=3073"}],"wp:term":[{"taxonomy":"category","embeddable":true,"href":"https:\/\/galerijajaksic.com\/en\/wp-json\/wp\/v2\/categories?post=3073"},{"taxonomy":"post_tag","embeddable":true,"href":"https:\/\/galerijajaksic.com\/en\/wp-json\/wp\/v2\/tags?post=3073"}],"curies":[{"name":"wp","href":"https:\/\/api.w.org\/{rel}","templated":true}]}}