{"id":3634,"date":"2021-11-27T19:45:29","date_gmt":"2021-11-27T19:45:29","guid":{"rendered":"https:\/\/galerijajaksic.com\/croatias-rose-sculpture-by-lovre-jaksic-in-vukovar\/"},"modified":"2022-03-23T13:45:06","modified_gmt":"2022-03-23T13:45:06","slug":"croatias-rose-sculpture-by-lovre-jaksic-in-vukovar","status":"publish","type":"post","link":"https:\/\/galerijajaksic.com\/en\/croatias-rose-sculpture-by-lovre-jaksic-in-vukovar\/","title":{"rendered":"\u201eCroatia\u2019s Rose\u201c sculpture by Lovre Jak\u0161i\u0107 in Vukovar"},"content":{"rendered":"\n\t\t\t<style type='text\/css'>\n\t\t\t\t#sc_gallery-1 {\n\t\t\t\t\tmargin: auto;\n\t\t\t\t}\n\t\t\t\t#sc_gallery-1 .gallery-item {\n\t\t\t\t\tfloat: left;\n\t\t\t\t\tmargin-top: 10px;\n\t\t\t\t\ttext-align: center;\n\t\t\t\t\twidth: 33.33%;\n\t\t\t\t}\n\t\t\t\t#sc_gallery-1 img {\n\t\t\t\t\tborder: 2px solid #cfcfcf;\n\t\t\t\t}\n\t\t\t\t#sc_gallery-1 .gallery-caption {\n\t\t\t\t\tmargin-left: 0;\n\t\t\t\t}\n\t\t\t\t\/* see sc_gallery() in functions\/theme-shortcodes.php *\/\n\t\t\t<\/style>\n\t\t<div id='sc_gallery-1' class='gallery galleryid-3634 gallery-columns-3 gallery-size-large file'><dl class='gallery-item'>\n\t\t\t\t<dt class='gallery-icon landscape'>\n\t\t\t\t\t<a href='https:\/\/galerijajaksic.com\/wp-content\/uploads\/2022\/03\/montaza-kipa-ruza-hrvatska-rad-Lovre-Jaksica-Vukovar1.jpg'><img width=\"1024\" height=\"1024\" src=\"https:\/\/galerijajaksic.com\/wp-content\/uploads\/2022\/03\/montaza-kipa-ruza-hrvatska-rad-Lovre-Jaksica-Vukovar1-1024x1024.jpg\" class=\"attachment-large size-large\" alt=\"Ru\u017ea hrvatska lovre jaksic\" loading=\"lazy\" srcset=\"https:\/\/galerijajaksic.com\/wp-content\/uploads\/2022\/03\/montaza-kipa-ruza-hrvatska-rad-Lovre-Jaksica-Vukovar1-1024x1024.jpg 1024w, https:\/\/galerijajaksic.com\/wp-content\/uploads\/2022\/03\/montaza-kipa-ruza-hrvatska-rad-Lovre-Jaksica-Vukovar1-300x300.jpg 300w, https:\/\/galerijajaksic.com\/wp-content\/uploads\/2022\/03\/montaza-kipa-ruza-hrvatska-rad-Lovre-Jaksica-Vukovar1-150x150.jpg 150w, https:\/\/galerijajaksic.com\/wp-content\/uploads\/2022\/03\/montaza-kipa-ruza-hrvatska-rad-Lovre-Jaksica-Vukovar1-768x768.jpg 768w, https:\/\/galerijajaksic.com\/wp-content\/uploads\/2022\/03\/montaza-kipa-ruza-hrvatska-rad-Lovre-Jaksica-Vukovar1-146x146.jpg 146w, https:\/\/galerijajaksic.com\/wp-content\/uploads\/2022\/03\/montaza-kipa-ruza-hrvatska-rad-Lovre-Jaksica-Vukovar1-50x50.jpg 50w, https:\/\/galerijajaksic.com\/wp-content\/uploads\/2022\/03\/montaza-kipa-ruza-hrvatska-rad-Lovre-Jaksica-Vukovar1-75x75.jpg 75w, https:\/\/galerijajaksic.com\/wp-content\/uploads\/2022\/03\/montaza-kipa-ruza-hrvatska-rad-Lovre-Jaksica-Vukovar1-85x85.jpg 85w, https:\/\/galerijajaksic.com\/wp-content\/uploads\/2022\/03\/montaza-kipa-ruza-hrvatska-rad-Lovre-Jaksica-Vukovar1-80x80.jpg 80w, https:\/\/galerijajaksic.com\/wp-content\/uploads\/2022\/03\/montaza-kipa-ruza-hrvatska-rad-Lovre-Jaksica-Vukovar1.jpg 1100w\" sizes=\"(max-width: 1024px) 100vw, 1024px\" \/><\/a>\n\t\t\t\t<\/dt><\/dl><dl class='gallery-item'>\n\t\t\t\t<dt class='gallery-icon landscape'>\n\t\t\t\t\t<a href='https:\/\/galerijajaksic.com\/wp-content\/uploads\/2022\/03\/svecano-otvaranje-kipa-ruza-hrvatska-rad-Lovre-Jasica-vukovar4.jpg'><img width=\"1000\" height=\"1000\" src=\"https:\/\/galerijajaksic.com\/wp-content\/uploads\/2022\/03\/svecano-otvaranje-kipa-ruza-hrvatska-rad-Lovre-Jasica-vukovar4.jpg\" class=\"attachment-large size-large\" alt=\"Ru\u017ea hrvatska lovre jaksic\" loading=\"lazy\" srcset=\"https:\/\/galerijajaksic.com\/wp-content\/uploads\/2022\/03\/svecano-otvaranje-kipa-ruza-hrvatska-rad-Lovre-Jasica-vukovar4.jpg 1000w, https:\/\/galerijajaksic.com\/wp-content\/uploads\/2022\/03\/svecano-otvaranje-kipa-ruza-hrvatska-rad-Lovre-Jasica-vukovar4-300x300.jpg 300w, https:\/\/galerijajaksic.com\/wp-content\/uploads\/2022\/03\/svecano-otvaranje-kipa-ruza-hrvatska-rad-Lovre-Jasica-vukovar4-150x150.jpg 150w, https:\/\/galerijajaksic.com\/wp-content\/uploads\/2022\/03\/svecano-otvaranje-kipa-ruza-hrvatska-rad-Lovre-Jasica-vukovar4-768x768.jpg 768w, https:\/\/galerijajaksic.com\/wp-content\/uploads\/2022\/03\/svecano-otvaranje-kipa-ruza-hrvatska-rad-Lovre-Jasica-vukovar4-146x146.jpg 146w, https:\/\/galerijajaksic.com\/wp-content\/uploads\/2022\/03\/svecano-otvaranje-kipa-ruza-hrvatska-rad-Lovre-Jasica-vukovar4-50x50.jpg 50w, https:\/\/galerijajaksic.com\/wp-content\/uploads\/2022\/03\/svecano-otvaranje-kipa-ruza-hrvatska-rad-Lovre-Jasica-vukovar4-75x75.jpg 75w, https:\/\/galerijajaksic.com\/wp-content\/uploads\/2022\/03\/svecano-otvaranje-kipa-ruza-hrvatska-rad-Lovre-Jasica-vukovar4-85x85.jpg 85w, https:\/\/galerijajaksic.com\/wp-content\/uploads\/2022\/03\/svecano-otvaranje-kipa-ruza-hrvatska-rad-Lovre-Jasica-vukovar4-80x80.jpg 80w\" sizes=\"(max-width: 1000px) 100vw, 1000px\" \/><\/a>\n\t\t\t\t<\/dt><\/dl><dl class='gallery-item'>\n\t\t\t\t<dt class='gallery-icon landscape'>\n\t\t\t\t\t<a href='https:\/\/galerijajaksic.com\/wp-content\/uploads\/2022\/03\/svecano-otvaranje-kipa-ruza-hrvatska-rad-Lovre-Jasica-vukovar5.jpg'><img width=\"1000\" height=\"1000\" src=\"https:\/\/galerijajaksic.com\/wp-content\/uploads\/2022\/03\/svecano-otvaranje-kipa-ruza-hrvatska-rad-Lovre-Jasica-vukovar5.jpg\" class=\"attachment-large size-large\" alt=\"Ru\u017ea hrvatska lovre jaksic\" loading=\"lazy\" srcset=\"https:\/\/galerijajaksic.com\/wp-content\/uploads\/2022\/03\/svecano-otvaranje-kipa-ruza-hrvatska-rad-Lovre-Jasica-vukovar5.jpg 1000w, https:\/\/galerijajaksic.com\/wp-content\/uploads\/2022\/03\/svecano-otvaranje-kipa-ruza-hrvatska-rad-Lovre-Jasica-vukovar5-300x300.jpg 300w, https:\/\/galerijajaksic.com\/wp-content\/uploads\/2022\/03\/svecano-otvaranje-kipa-ruza-hrvatska-rad-Lovre-Jasica-vukovar5-150x150.jpg 150w, https:\/\/galerijajaksic.com\/wp-content\/uploads\/2022\/03\/svecano-otvaranje-kipa-ruza-hrvatska-rad-Lovre-Jasica-vukovar5-768x768.jpg 768w, https:\/\/galerijajaksic.com\/wp-content\/uploads\/2022\/03\/svecano-otvaranje-kipa-ruza-hrvatska-rad-Lovre-Jasica-vukovar5-146x146.jpg 146w, https:\/\/galerijajaksic.com\/wp-content\/uploads\/2022\/03\/svecano-otvaranje-kipa-ruza-hrvatska-rad-Lovre-Jasica-vukovar5-50x50.jpg 50w, https:\/\/galerijajaksic.com\/wp-content\/uploads\/2022\/03\/svecano-otvaranje-kipa-ruza-hrvatska-rad-Lovre-Jasica-vukovar5-75x75.jpg 75w, https:\/\/galerijajaksic.com\/wp-content\/uploads\/2022\/03\/svecano-otvaranje-kipa-ruza-hrvatska-rad-Lovre-Jasica-vukovar5-85x85.jpg 85w, https:\/\/galerijajaksic.com\/wp-content\/uploads\/2022\/03\/svecano-otvaranje-kipa-ruza-hrvatska-rad-Lovre-Jasica-vukovar5-80x80.jpg 80w\" sizes=\"(max-width: 1000px) 100vw, 1000px\" \/><\/a>\n\t\t\t\t<\/dt><\/dl><br style=\"clear: both\" \/><dl class='gallery-item'>\n\t\t\t\t<dt class='gallery-icon landscape'>\n\t\t\t\t\t<a href='https:\/\/galerijajaksic.com\/wp-content\/uploads\/2022\/03\/kip-ruza-hrvatska-lovre-jaksic-vukovar2.jpg'><img width=\"1000\" height=\"1000\" src=\"https:\/\/galerijajaksic.com\/wp-content\/uploads\/2022\/03\/kip-ruza-hrvatska-lovre-jaksic-vukovar2.jpg\" class=\"attachment-large size-large\" alt=\"Ru\u017ea hrvatska lovre jaksic\" loading=\"lazy\" srcset=\"https:\/\/galerijajaksic.com\/wp-content\/uploads\/2022\/03\/kip-ruza-hrvatska-lovre-jaksic-vukovar2.jpg 1000w, https:\/\/galerijajaksic.com\/wp-content\/uploads\/2022\/03\/kip-ruza-hrvatska-lovre-jaksic-vukovar2-300x300.jpg 300w, https:\/\/galerijajaksic.com\/wp-content\/uploads\/2022\/03\/kip-ruza-hrvatska-lovre-jaksic-vukovar2-150x150.jpg 150w, https:\/\/galerijajaksic.com\/wp-content\/uploads\/2022\/03\/kip-ruza-hrvatska-lovre-jaksic-vukovar2-768x768.jpg 768w, https:\/\/galerijajaksic.com\/wp-content\/uploads\/2022\/03\/kip-ruza-hrvatska-lovre-jaksic-vukovar2-146x146.jpg 146w, https:\/\/galerijajaksic.com\/wp-content\/uploads\/2022\/03\/kip-ruza-hrvatska-lovre-jaksic-vukovar2-50x50.jpg 50w, https:\/\/galerijajaksic.com\/wp-content\/uploads\/2022\/03\/kip-ruza-hrvatska-lovre-jaksic-vukovar2-75x75.jpg 75w, https:\/\/galerijajaksic.com\/wp-content\/uploads\/2022\/03\/kip-ruza-hrvatska-lovre-jaksic-vukovar2-85x85.jpg 85w, https:\/\/galerijajaksic.com\/wp-content\/uploads\/2022\/03\/kip-ruza-hrvatska-lovre-jaksic-vukovar2-80x80.jpg 80w\" sizes=\"(max-width: 1000px) 100vw, 1000px\" \/><\/a>\n\t\t\t\t<\/dt><\/dl><dl class='gallery-item'>\n\t\t\t\t<dt class='gallery-icon landscape'>\n\t\t\t\t\t<a href='https:\/\/galerijajaksic.com\/wp-content\/uploads\/2022\/03\/kip-ruza-hrvatska-lovre-jaksic-vukovar3.jpg'><img width=\"1024\" height=\"1024\" src=\"https:\/\/galerijajaksic.com\/wp-content\/uploads\/2022\/03\/kip-ruza-hrvatska-lovre-jaksic-vukovar3-1024x1024.jpg\" class=\"attachment-large size-large\" alt=\"Ru\u017ea hrvatska lovre jaksic\" loading=\"lazy\" srcset=\"https:\/\/galerijajaksic.com\/wp-content\/uploads\/2022\/03\/kip-ruza-hrvatska-lovre-jaksic-vukovar3-1024x1024.jpg 1024w, https:\/\/galerijajaksic.com\/wp-content\/uploads\/2022\/03\/kip-ruza-hrvatska-lovre-jaksic-vukovar3-300x300.jpg 300w, https:\/\/galerijajaksic.com\/wp-content\/uploads\/2022\/03\/kip-ruza-hrvatska-lovre-jaksic-vukovar3-150x150.jpg 150w, https:\/\/galerijajaksic.com\/wp-content\/uploads\/2022\/03\/kip-ruza-hrvatska-lovre-jaksic-vukovar3-768x768.jpg 768w, https:\/\/galerijajaksic.com\/wp-content\/uploads\/2022\/03\/kip-ruza-hrvatska-lovre-jaksic-vukovar3-146x146.jpg 146w, https:\/\/galerijajaksic.com\/wp-content\/uploads\/2022\/03\/kip-ruza-hrvatska-lovre-jaksic-vukovar3-50x50.jpg 50w, https:\/\/galerijajaksic.com\/wp-content\/uploads\/2022\/03\/kip-ruza-hrvatska-lovre-jaksic-vukovar3-75x75.jpg 75w, https:\/\/galerijajaksic.com\/wp-content\/uploads\/2022\/03\/kip-ruza-hrvatska-lovre-jaksic-vukovar3-85x85.jpg 85w, https:\/\/galerijajaksic.com\/wp-content\/uploads\/2022\/03\/kip-ruza-hrvatska-lovre-jaksic-vukovar3-80x80.jpg 80w, https:\/\/galerijajaksic.com\/wp-content\/uploads\/2022\/03\/kip-ruza-hrvatska-lovre-jaksic-vukovar3.jpg 1200w\" sizes=\"(max-width: 1024px) 100vw, 1024px\" \/><\/a>\n\t\t\t\t<\/dt><\/dl><dl class='gallery-item'>\n\t\t\t\t<dt class='gallery-icon landscape'>\n\t\t\t\t\t<a href='https:\/\/galerijajaksic.com\/wp-content\/uploads\/2022\/03\/kip-ruza-hrvatska-lovre-jaksic-vukovar1.jpg'><img width=\"1000\" height=\"1000\" src=\"https:\/\/galerijajaksic.com\/wp-content\/uploads\/2022\/03\/kip-ruza-hrvatska-lovre-jaksic-vukovar1.jpg\" class=\"attachment-large size-large\" alt=\"Ru\u017ea hrvatska lovre jaksic\" loading=\"lazy\" srcset=\"https:\/\/galerijajaksic.com\/wp-content\/uploads\/2022\/03\/kip-ruza-hrvatska-lovre-jaksic-vukovar1.jpg 1000w, https:\/\/galerijajaksic.com\/wp-content\/uploads\/2022\/03\/kip-ruza-hrvatska-lovre-jaksic-vukovar1-300x300.jpg 300w, https:\/\/galerijajaksic.com\/wp-content\/uploads\/2022\/03\/kip-ruza-hrvatska-lovre-jaksic-vukovar1-150x150.jpg 150w, https:\/\/galerijajaksic.com\/wp-content\/uploads\/2022\/03\/kip-ruza-hrvatska-lovre-jaksic-vukovar1-768x768.jpg 768w, https:\/\/galerijajaksic.com\/wp-content\/uploads\/2022\/03\/kip-ruza-hrvatska-lovre-jaksic-vukovar1-146x146.jpg 146w, https:\/\/galerijajaksic.com\/wp-content\/uploads\/2022\/03\/kip-ruza-hrvatska-lovre-jaksic-vukovar1-50x50.jpg 50w, https:\/\/galerijajaksic.com\/wp-content\/uploads\/2022\/03\/kip-ruza-hrvatska-lovre-jaksic-vukovar1-75x75.jpg 75w, https:\/\/galerijajaksic.com\/wp-content\/uploads\/2022\/03\/kip-ruza-hrvatska-lovre-jaksic-vukovar1-85x85.jpg 85w, https:\/\/galerijajaksic.com\/wp-content\/uploads\/2022\/03\/kip-ruza-hrvatska-lovre-jaksic-vukovar1-80x80.jpg 80w\" sizes=\"(max-width: 1000px) 100vw, 1000px\" \/><\/a>\n\t\t\t\t<\/dt><\/dl><br style=\"clear: both\" \/>\n\t\t\t<\/div>\n\n<h3><strong>\u201eCroatia\u2019s Rose\u201c sculpture by Lovre Jak\u0161i\u0107 in Vukovar<\/strong><\/h3>\n<p>Our sculptor Lovre Jak\u0161i\u0107 had the honor of making the Croatia&#8217;s Rose sculpture for the city of Vukovar. The sculpture was placed in front of the National Memorial Hospital in Vukovar, where the unveiling ceremony was held. The whole project was realized thanks to the great efforts of Lidija Dugan and Ante \u010caljku\u0161i\u0107 and their organization &#8220;Croatia for Life&#8221;. Five years ago, they launched an action and collected donations for the erection of this monument, which was financed exclusively by voluntary contributions from citizens. This sculpture commemorates Ru\u017eica Markoba\u0161i\u0107, her unborn son Antun and all pregnant women and their children killed in wars on Croatian territory. The monument was unveiled by Ru\u017eica&#8217;s daughter, who was 13 years old at the time of her murder and fortunately survived because she was removed from Vukovar in time. &#8220;Croatia&#8217;s Rose&#8221; is the second public sculpture by Lovre Jak\u0161i\u0107 made for Vukovar, the first beeing a bust of Jean-Michel Nicolier placed next to the bridge of the same name. Extremely touching theme marked in the eternal material &#8211; stone.<\/p>\n","protected":false},"excerpt":{"rendered":"<p>\u201eCroatia\u2019s Rose\u201c sculpture by Lovre Jak\u0161i\u0107 in Vukovar Our sculptor Lovre Jak\u0161i\u0107 had the honor of making the Croatia&#8217;s Rose sculpture for the city of Vukovar.<span class=\"excerpt-hellip\"> [\u2026]<\/span><\/p>\n","protected":false},"author":1,"featured_media":3609,"comment_status":"closed","ping_status":"closed","sticky":false,"template":"","format":"standard","meta":[],"categories":[49,52],"tags":[],"_links":{"self":[{"href":"https:\/\/galerijajaksic.com\/en\/wp-json\/wp\/v2\/posts\/3634"}],"collection":[{"href":"https:\/\/galerijajaksic.com\/en\/wp-json\/wp\/v2\/posts"}],"about":[{"href":"https:\/\/galerijajaksic.com\/en\/wp-json\/wp\/v2\/types\/post"}],"author":[{"embeddable":true,"href":"https:\/\/galerijajaksic.com\/en\/wp-json\/wp\/v2\/users\/1"}],"replies":[{"embeddable":true,"href":"https:\/\/galerijajaksic.com\/en\/wp-json\/wp\/v2\/comments?post=3634"}],"version-history":[{"count":1,"href":"https:\/\/galerijajaksic.com\/en\/wp-json\/wp\/v2\/posts\/3634\/revisions"}],"predecessor-version":[{"id":3635,"href":"https:\/\/galerijajaksic.com\/en\/wp-json\/wp\/v2\/posts\/3634\/revisions\/3635"}],"wp:featuredmedia":[{"embeddable":true,"href":"https:\/\/galerijajaksic.com\/en\/wp-json\/wp\/v2\/media\/3609"}],"wp:attachment":[{"href":"https:\/\/galerijajaksic.com\/en\/wp-json\/wp\/v2\/media?parent=3634"}],"wp:term":[{"taxonomy":"category","embeddable":true,"href":"https:\/\/galerijajaksic.com\/en\/wp-json\/wp\/v2\/categories?post=3634"},{"taxonomy":"post_tag","embeddable":true,"href":"https:\/\/galerijajaksic.com\/en\/wp-json\/wp\/v2\/tags?post=3634"}],"curies":[{"name":"wp","href":"https:\/\/api.w.org\/{rel}","templated":true}]}}