{"id":3762,"date":"2022-08-04T13:34:55","date_gmt":"2022-08-04T13:34:55","guid":{"rendered":"https:\/\/galerijajaksic.com\/?p=3762"},"modified":"2023-11-18T13:42:12","modified_gmt":"2023-11-18T13:42:12","slug":"our-artists-lovre-and-dina-exhibit-at-the-evening-festival-of-contemporary-art-art-night-milna","status":"publish","type":"post","link":"https:\/\/galerijajaksic.com\/en\/our-artists-lovre-and-dina-exhibit-at-the-evening-festival-of-contemporary-art-art-night-milna\/","title":{"rendered":"Our artists (Lovre and Dina) exhibit at the evening festival of contemporary art &#8220;Art night Milna&#8221;"},"content":{"rendered":"\n\t\t\t<style type='text\/css'>\n\t\t\t\t#sc_gallery-1 {\n\t\t\t\t\tmargin: auto;\n\t\t\t\t}\n\t\t\t\t#sc_gallery-1 .gallery-item {\n\t\t\t\t\tfloat: left;\n\t\t\t\t\tmargin-top: 10px;\n\t\t\t\t\ttext-align: center;\n\t\t\t\t\twidth: 33.33%;\n\t\t\t\t}\n\t\t\t\t#sc_gallery-1 img {\n\t\t\t\t\tborder: 2px solid #cfcfcf;\n\t\t\t\t}\n\t\t\t\t#sc_gallery-1 .gallery-caption {\n\t\t\t\t\tmargin-left: 0;\n\t\t\t\t}\n\t\t\t\t\/* see sc_gallery() in functions\/theme-shortcodes.php *\/\n\t\t\t<\/style>\n\t\t<div id='sc_gallery-1' class='gallery galleryid-3762 gallery-columns-3 gallery-size-large file'><dl class='gallery-item'>\n\t\t\t\t<dt class='gallery-icon landscape'>\n\t\t\t\t\t<a href='https:\/\/galerijajaksic.com\/wp-content\/uploads\/2023\/11\/art-night-milna.jpg'><img width=\"1024\" height=\"1024\" src=\"https:\/\/galerijajaksic.com\/wp-content\/uploads\/2023\/11\/art-night-milna-1024x1024.jpg\" class=\"attachment-large size-large\" alt=\"\" loading=\"lazy\" srcset=\"https:\/\/galerijajaksic.com\/wp-content\/uploads\/2023\/11\/art-night-milna-1024x1024.jpg 1024w, https:\/\/galerijajaksic.com\/wp-content\/uploads\/2023\/11\/art-night-milna-300x300.jpg 300w, https:\/\/galerijajaksic.com\/wp-content\/uploads\/2023\/11\/art-night-milna-150x150.jpg 150w, https:\/\/galerijajaksic.com\/wp-content\/uploads\/2023\/11\/art-night-milna-768x768.jpg 768w, https:\/\/galerijajaksic.com\/wp-content\/uploads\/2023\/11\/art-night-milna-146x146.jpg 146w, https:\/\/galerijajaksic.com\/wp-content\/uploads\/2023\/11\/art-night-milna-50x50.jpg 50w, https:\/\/galerijajaksic.com\/wp-content\/uploads\/2023\/11\/art-night-milna-75x75.jpg 75w, https:\/\/galerijajaksic.com\/wp-content\/uploads\/2023\/11\/art-night-milna-85x85.jpg 85w, https:\/\/galerijajaksic.com\/wp-content\/uploads\/2023\/11\/art-night-milna-80x80.jpg 80w, https:\/\/galerijajaksic.com\/wp-content\/uploads\/2023\/11\/art-night-milna.jpg 1200w\" sizes=\"(max-width: 1024px) 100vw, 1024px\" \/><\/a>\n\t\t\t\t<\/dt><\/dl><dl class='gallery-item'>\n\t\t\t\t<dt class='gallery-icon landscape'>\n\t\t\t\t\t<a href='https:\/\/galerijajaksic.com\/wp-content\/uploads\/2023\/11\/dina-jaksic-pavasovic.jpg'><img width=\"1024\" height=\"1024\" src=\"https:\/\/galerijajaksic.com\/wp-content\/uploads\/2023\/11\/dina-jaksic-pavasovic-1024x1024.jpg\" class=\"attachment-large size-large\" alt=\"\" loading=\"lazy\" srcset=\"https:\/\/galerijajaksic.com\/wp-content\/uploads\/2023\/11\/dina-jaksic-pavasovic-1024x1024.jpg 1024w, https:\/\/galerijajaksic.com\/wp-content\/uploads\/2023\/11\/dina-jaksic-pavasovic-300x300.jpg 300w, https:\/\/galerijajaksic.com\/wp-content\/uploads\/2023\/11\/dina-jaksic-pavasovic-150x150.jpg 150w, https:\/\/galerijajaksic.com\/wp-content\/uploads\/2023\/11\/dina-jaksic-pavasovic-768x768.jpg 768w, https:\/\/galerijajaksic.com\/wp-content\/uploads\/2023\/11\/dina-jaksic-pavasovic-146x146.jpg 146w, https:\/\/galerijajaksic.com\/wp-content\/uploads\/2023\/11\/dina-jaksic-pavasovic-50x50.jpg 50w, https:\/\/galerijajaksic.com\/wp-content\/uploads\/2023\/11\/dina-jaksic-pavasovic-75x75.jpg 75w, https:\/\/galerijajaksic.com\/wp-content\/uploads\/2023\/11\/dina-jaksic-pavasovic-85x85.jpg 85w, https:\/\/galerijajaksic.com\/wp-content\/uploads\/2023\/11\/dina-jaksic-pavasovic-80x80.jpg 80w, https:\/\/galerijajaksic.com\/wp-content\/uploads\/2023\/11\/dina-jaksic-pavasovic.jpg 1200w\" sizes=\"(max-width: 1024px) 100vw, 1024px\" \/><\/a>\n\t\t\t\t<\/dt><\/dl><dl class='gallery-item'>\n\t\t\t\t<dt class='gallery-icon landscape'>\n\t\t\t\t\t<a href='https:\/\/galerijajaksic.com\/wp-content\/uploads\/2023\/11\/lovre-jaksic.jpg'><img width=\"1024\" height=\"1024\" src=\"https:\/\/galerijajaksic.com\/wp-content\/uploads\/2023\/11\/lovre-jaksic-1024x1024.jpg\" class=\"attachment-large size-large\" alt=\"\" loading=\"lazy\" srcset=\"https:\/\/galerijajaksic.com\/wp-content\/uploads\/2023\/11\/lovre-jaksic-1024x1024.jpg 1024w, https:\/\/galerijajaksic.com\/wp-content\/uploads\/2023\/11\/lovre-jaksic-300x300.jpg 300w, https:\/\/galerijajaksic.com\/wp-content\/uploads\/2023\/11\/lovre-jaksic-150x150.jpg 150w, https:\/\/galerijajaksic.com\/wp-content\/uploads\/2023\/11\/lovre-jaksic-768x768.jpg 768w, https:\/\/galerijajaksic.com\/wp-content\/uploads\/2023\/11\/lovre-jaksic-146x146.jpg 146w, https:\/\/galerijajaksic.com\/wp-content\/uploads\/2023\/11\/lovre-jaksic-50x50.jpg 50w, https:\/\/galerijajaksic.com\/wp-content\/uploads\/2023\/11\/lovre-jaksic-75x75.jpg 75w, https:\/\/galerijajaksic.com\/wp-content\/uploads\/2023\/11\/lovre-jaksic-85x85.jpg 85w, https:\/\/galerijajaksic.com\/wp-content\/uploads\/2023\/11\/lovre-jaksic-80x80.jpg 80w, https:\/\/galerijajaksic.com\/wp-content\/uploads\/2023\/11\/lovre-jaksic.jpg 1200w\" sizes=\"(max-width: 1024px) 100vw, 1024px\" \/><\/a>\n\t\t\t\t<\/dt><\/dl><br style=\"clear: both\" \/>\n\t\t\t<\/div>\n\n<h3>Our artists (Lovre and Dina) exhibit at the evening festival of contemporary art &#8220;Art night Milna&#8221;<\/h3>\n<p style=\"font-weight: 400;\">Our artists Lovre Jak\u0161i\u0107 and Dina Jak\u0161i\u0107 Pavasovi\u0107 participated in the two-day evening festival of contemporary art &#8220;ART Night Milna&#8221;, where artists from Croatia, Austria, Hungary and Ukraine presented their artwork. The open-air exhibition in the old streets of Milna was further enhanced by a live jazz atmosphere, excellent wine, video projections and a performance with fire in the Olife hotel. The organizer and patron of Art Nights is Arian Salehnyja, Austrian entrepreneur and owner of Olife Hotel and his team. Thank you for the invitation and for the excellent organization.<\/p>\n","protected":false},"excerpt":{"rendered":"<p>Our artists (Lovre and Dina) exhibit at the evening festival of contemporary art &#8220;Art night Milna&#8221; Our artists Lovre Jak\u0161i\u0107 and Dina Jak\u0161i\u0107 Pavasovi\u0107 participated in<span class=\"excerpt-hellip\"> [\u2026]<\/span><\/p>\n","protected":false},"author":1,"featured_media":3764,"comment_status":"closed","ping_status":"closed","sticky":false,"template":"","format":"standard","meta":[],"categories":[48,49,52],"tags":[],"_links":{"self":[{"href":"https:\/\/galerijajaksic.com\/en\/wp-json\/wp\/v2\/posts\/3762"}],"collection":[{"href":"https:\/\/galerijajaksic.com\/en\/wp-json\/wp\/v2\/posts"}],"about":[{"href":"https:\/\/galerijajaksic.com\/en\/wp-json\/wp\/v2\/types\/post"}],"author":[{"embeddable":true,"href":"https:\/\/galerijajaksic.com\/en\/wp-json\/wp\/v2\/users\/1"}],"replies":[{"embeddable":true,"href":"https:\/\/galerijajaksic.com\/en\/wp-json\/wp\/v2\/comments?post=3762"}],"version-history":[{"count":1,"href":"https:\/\/galerijajaksic.com\/en\/wp-json\/wp\/v2\/posts\/3762\/revisions"}],"predecessor-version":[{"id":3784,"href":"https:\/\/galerijajaksic.com\/en\/wp-json\/wp\/v2\/posts\/3762\/revisions\/3784"}],"wp:featuredmedia":[{"embeddable":true,"href":"https:\/\/galerijajaksic.com\/en\/wp-json\/wp\/v2\/media\/3764"}],"wp:attachment":[{"href":"https:\/\/galerijajaksic.com\/en\/wp-json\/wp\/v2\/media?parent=3762"}],"wp:term":[{"taxonomy":"category","embeddable":true,"href":"https:\/\/galerijajaksic.com\/en\/wp-json\/wp\/v2\/categories?post=3762"},{"taxonomy":"post_tag","embeddable":true,"href":"https:\/\/galerijajaksic.com\/en\/wp-json\/wp\/v2\/tags?post=3762"}],"curies":[{"name":"wp","href":"https:\/\/api.w.org\/{rel}","templated":true}]}}