{"id":4052,"date":"2023-12-01T20:39:17","date_gmt":"2023-12-01T20:39:17","guid":{"rendered":"https:\/\/galerijajaksic.com\/?p=4052"},"modified":"2025-11-06T20:41:19","modified_gmt":"2025-11-06T20:41:19","slug":"a-stone-christmas-art-design-and-timeless-gifts","status":"publish","type":"post","link":"https:\/\/galerijajaksic.com\/en\/a-stone-christmas-art-design-and-timeless-gifts\/","title":{"rendered":"A Stone Christmas \u2013 Art, Design and Timeless Gifts"},"content":{"rendered":"\n\t\t\t<style type='text\/css'>\n\t\t\t\t#sc_gallery-1 {\n\t\t\t\t\tmargin: auto;\n\t\t\t\t}\n\t\t\t\t#sc_gallery-1 .gallery-item {\n\t\t\t\t\tfloat: left;\n\t\t\t\t\tmargin-top: 10px;\n\t\t\t\t\ttext-align: center;\n\t\t\t\t\twidth: 33.33%;\n\t\t\t\t}\n\t\t\t\t#sc_gallery-1 img {\n\t\t\t\t\tborder: 2px solid #cfcfcf;\n\t\t\t\t}\n\t\t\t\t#sc_gallery-1 .gallery-caption {\n\t\t\t\t\tmargin-left: 0;\n\t\t\t\t}\n\t\t\t\t\/* see sc_gallery() in functions\/theme-shortcodes.php *\/\n\t\t\t<\/style>\n\t\t<div id='sc_gallery-1' class='gallery galleryid-4052 gallery-columns-3 gallery-size-large file'><dl class='gallery-item'>\n\t\t\t\t<dt class='gallery-icon landscape'>\n\t\t\t\t\t<a href='https:\/\/galerijajaksic.com\/wp-content\/uploads\/2025\/11\/Jaksic-galerija_bozicno-uredenje.jpg'><img width=\"1024\" height=\"1024\" src=\"https:\/\/galerijajaksic.com\/wp-content\/uploads\/2025\/11\/Jaksic-galerija_bozicno-uredenje-1024x1024.jpg\" class=\"attachment-large size-large\" alt=\"Bo\u017ei\u0107no ure\u0111enje izloga Galerije Jak\u0161i\u0107 u crveno-zelenoj boji s kamenim borovima i blagdanskim detaljima\" loading=\"lazy\" srcset=\"https:\/\/galerijajaksic.com\/wp-content\/uploads\/2025\/11\/Jaksic-galerija_bozicno-uredenje-1024x1024.jpg 1024w, https:\/\/galerijajaksic.com\/wp-content\/uploads\/2025\/11\/Jaksic-galerija_bozicno-uredenje-300x300.jpg 300w, https:\/\/galerijajaksic.com\/wp-content\/uploads\/2025\/11\/Jaksic-galerija_bozicno-uredenje-150x150.jpg 150w, https:\/\/galerijajaksic.com\/wp-content\/uploads\/2025\/11\/Jaksic-galerija_bozicno-uredenje-768x768.jpg 768w, https:\/\/galerijajaksic.com\/wp-content\/uploads\/2025\/11\/Jaksic-galerija_bozicno-uredenje-146x146.jpg 146w, https:\/\/galerijajaksic.com\/wp-content\/uploads\/2025\/11\/Jaksic-galerija_bozicno-uredenje-50x50.jpg 50w, https:\/\/galerijajaksic.com\/wp-content\/uploads\/2025\/11\/Jaksic-galerija_bozicno-uredenje-75x75.jpg 75w, https:\/\/galerijajaksic.com\/wp-content\/uploads\/2025\/11\/Jaksic-galerija_bozicno-uredenje-85x85.jpg 85w, https:\/\/galerijajaksic.com\/wp-content\/uploads\/2025\/11\/Jaksic-galerija_bozicno-uredenje-80x80.jpg 80w, https:\/\/galerijajaksic.com\/wp-content\/uploads\/2025\/11\/Jaksic-galerija_bozicno-uredenje.jpg 1200w\" sizes=\"(max-width: 1024px) 100vw, 1024px\" \/><\/a>\n\t\t\t\t<\/dt><\/dl><dl class='gallery-item'>\n\t\t\t\t<dt class='gallery-icon landscape'>\n\t\t\t\t\t<a href='https:\/\/galerijajaksic.com\/wp-content\/uploads\/2025\/11\/Jaksic-galerija_bozicno-uredenje-2.jpg'><img width=\"1024\" height=\"1024\" src=\"https:\/\/galerijajaksic.com\/wp-content\/uploads\/2025\/11\/Jaksic-galerija_bozicno-uredenje-2-1024x1024.jpg\" class=\"attachment-large size-large\" alt=\"Kameni borovi izra\u0111eni od ostataka bra\u010dkog kamena s crvenim ma\u0161nama \u2013 odr\u017eivi bo\u017ei\u0107ni ukrasi.\" loading=\"lazy\" srcset=\"https:\/\/galerijajaksic.com\/wp-content\/uploads\/2025\/11\/Jaksic-galerija_bozicno-uredenje-2-1024x1024.jpg 1024w, https:\/\/galerijajaksic.com\/wp-content\/uploads\/2025\/11\/Jaksic-galerija_bozicno-uredenje-2-300x300.jpg 300w, https:\/\/galerijajaksic.com\/wp-content\/uploads\/2025\/11\/Jaksic-galerija_bozicno-uredenje-2-150x150.jpg 150w, https:\/\/galerijajaksic.com\/wp-content\/uploads\/2025\/11\/Jaksic-galerija_bozicno-uredenje-2-768x768.jpg 768w, https:\/\/galerijajaksic.com\/wp-content\/uploads\/2025\/11\/Jaksic-galerija_bozicno-uredenje-2-146x146.jpg 146w, https:\/\/galerijajaksic.com\/wp-content\/uploads\/2025\/11\/Jaksic-galerija_bozicno-uredenje-2-50x50.jpg 50w, https:\/\/galerijajaksic.com\/wp-content\/uploads\/2025\/11\/Jaksic-galerija_bozicno-uredenje-2-75x75.jpg 75w, https:\/\/galerijajaksic.com\/wp-content\/uploads\/2025\/11\/Jaksic-galerija_bozicno-uredenje-2-85x85.jpg 85w, https:\/\/galerijajaksic.com\/wp-content\/uploads\/2025\/11\/Jaksic-galerija_bozicno-uredenje-2-80x80.jpg 80w, https:\/\/galerijajaksic.com\/wp-content\/uploads\/2025\/11\/Jaksic-galerija_bozicno-uredenje-2.jpg 1200w\" sizes=\"(max-width: 1024px) 100vw, 1024px\" \/><\/a>\n\t\t\t\t<\/dt><\/dl><dl class='gallery-item'>\n\t\t\t\t<dt class='gallery-icon landscape'>\n\t\t\t\t\t<a href='https:\/\/galerijajaksic.com\/wp-content\/uploads\/2025\/11\/Jaksic-galerija_kamena-zvona.jpg'><img width=\"1024\" height=\"1024\" src=\"https:\/\/galerijajaksic.com\/wp-content\/uploads\/2025\/11\/Jaksic-galerija_kamena-zvona-1024x1024.jpg\" class=\"attachment-large size-large\" alt=\"Izlog Galerije Jak\u0161i\u0107 s bo\u017ei\u0107nim ukrasima od kamena \u2013 spoj tradicije, dizajna i bra\u010dkog naslje\u0111a.\" loading=\"lazy\" srcset=\"https:\/\/galerijajaksic.com\/wp-content\/uploads\/2025\/11\/Jaksic-galerija_kamena-zvona-1024x1024.jpg 1024w, https:\/\/galerijajaksic.com\/wp-content\/uploads\/2025\/11\/Jaksic-galerija_kamena-zvona-300x300.jpg 300w, https:\/\/galerijajaksic.com\/wp-content\/uploads\/2025\/11\/Jaksic-galerija_kamena-zvona-150x150.jpg 150w, https:\/\/galerijajaksic.com\/wp-content\/uploads\/2025\/11\/Jaksic-galerija_kamena-zvona-768x768.jpg 768w, https:\/\/galerijajaksic.com\/wp-content\/uploads\/2025\/11\/Jaksic-galerija_kamena-zvona-146x146.jpg 146w, https:\/\/galerijajaksic.com\/wp-content\/uploads\/2025\/11\/Jaksic-galerija_kamena-zvona-50x50.jpg 50w, https:\/\/galerijajaksic.com\/wp-content\/uploads\/2025\/11\/Jaksic-galerija_kamena-zvona-75x75.jpg 75w, https:\/\/galerijajaksic.com\/wp-content\/uploads\/2025\/11\/Jaksic-galerija_kamena-zvona-85x85.jpg 85w, https:\/\/galerijajaksic.com\/wp-content\/uploads\/2025\/11\/Jaksic-galerija_kamena-zvona-80x80.jpg 80w, https:\/\/galerijajaksic.com\/wp-content\/uploads\/2025\/11\/Jaksic-galerija_kamena-zvona.jpg 1200w\" sizes=\"(max-width: 1024px) 100vw, 1024px\" \/><\/a>\n\t\t\t\t<\/dt><\/dl><br style=\"clear: both\" \/><dl class='gallery-item'>\n\t\t\t\t<dt class='gallery-icon landscape'>\n\t\t\t\t\t<a href='https:\/\/galerijajaksic.com\/wp-content\/uploads\/2025\/11\/Jaksic-galerija_advenstki-kalendar.jpg'><img width=\"1024\" height=\"1024\" src=\"https:\/\/galerijajaksic.com\/wp-content\/uploads\/2025\/11\/Jaksic-galerija_advenstki-kalendar-1024x1024.jpg\" class=\"attachment-large size-large\" alt=\"Adventski svije\u0107njak od kamena u otvorenoj formi \u2013 svaka plo\u010da nosi svije\u0107u i otvara se svake adventske nedjelje.\" loading=\"lazy\" srcset=\"https:\/\/galerijajaksic.com\/wp-content\/uploads\/2025\/11\/Jaksic-galerija_advenstki-kalendar-1024x1024.jpg 1024w, https:\/\/galerijajaksic.com\/wp-content\/uploads\/2025\/11\/Jaksic-galerija_advenstki-kalendar-300x300.jpg 300w, https:\/\/galerijajaksic.com\/wp-content\/uploads\/2025\/11\/Jaksic-galerija_advenstki-kalendar-150x150.jpg 150w, https:\/\/galerijajaksic.com\/wp-content\/uploads\/2025\/11\/Jaksic-galerija_advenstki-kalendar-768x768.jpg 768w, https:\/\/galerijajaksic.com\/wp-content\/uploads\/2025\/11\/Jaksic-galerija_advenstki-kalendar-146x146.jpg 146w, https:\/\/galerijajaksic.com\/wp-content\/uploads\/2025\/11\/Jaksic-galerija_advenstki-kalendar-50x50.jpg 50w, https:\/\/galerijajaksic.com\/wp-content\/uploads\/2025\/11\/Jaksic-galerija_advenstki-kalendar-75x75.jpg 75w, https:\/\/galerijajaksic.com\/wp-content\/uploads\/2025\/11\/Jaksic-galerija_advenstki-kalendar-85x85.jpg 85w, https:\/\/galerijajaksic.com\/wp-content\/uploads\/2025\/11\/Jaksic-galerija_advenstki-kalendar-80x80.jpg 80w, https:\/\/galerijajaksic.com\/wp-content\/uploads\/2025\/11\/Jaksic-galerija_advenstki-kalendar.jpg 1200w\" sizes=\"(max-width: 1024px) 100vw, 1024px\" \/><\/a>\n\t\t\t\t<\/dt><\/dl><dl class='gallery-item'>\n\t\t\t\t<dt class='gallery-icon landscape'>\n\t\t\t\t\t<a href='https:\/\/galerijajaksic.com\/wp-content\/uploads\/2025\/11\/Jaksic-galerija_kameni-kalendarr.jpg'><img width=\"1024\" height=\"1024\" src=\"https:\/\/galerijajaksic.com\/wp-content\/uploads\/2025\/11\/Jaksic-galerija_kameni-kalendarr-1024x1024.jpg\" class=\"attachment-large size-large\" alt=\"Kameni kalendar s \u0161est plo\u010da i tiskom mjeseci \u2013 spoj funkcionalnog dizajna i tradicije Bra\u010da.\" loading=\"lazy\" srcset=\"https:\/\/galerijajaksic.com\/wp-content\/uploads\/2025\/11\/Jaksic-galerija_kameni-kalendarr-1024x1024.jpg 1024w, https:\/\/galerijajaksic.com\/wp-content\/uploads\/2025\/11\/Jaksic-galerija_kameni-kalendarr-300x300.jpg 300w, https:\/\/galerijajaksic.com\/wp-content\/uploads\/2025\/11\/Jaksic-galerija_kameni-kalendarr-150x150.jpg 150w, https:\/\/galerijajaksic.com\/wp-content\/uploads\/2025\/11\/Jaksic-galerija_kameni-kalendarr-768x768.jpg 768w, https:\/\/galerijajaksic.com\/wp-content\/uploads\/2025\/11\/Jaksic-galerija_kameni-kalendarr-146x146.jpg 146w, https:\/\/galerijajaksic.com\/wp-content\/uploads\/2025\/11\/Jaksic-galerija_kameni-kalendarr-50x50.jpg 50w, https:\/\/galerijajaksic.com\/wp-content\/uploads\/2025\/11\/Jaksic-galerija_kameni-kalendarr-75x75.jpg 75w, https:\/\/galerijajaksic.com\/wp-content\/uploads\/2025\/11\/Jaksic-galerija_kameni-kalendarr-85x85.jpg 85w, https:\/\/galerijajaksic.com\/wp-content\/uploads\/2025\/11\/Jaksic-galerija_kameni-kalendarr-80x80.jpg 80w, https:\/\/galerijajaksic.com\/wp-content\/uploads\/2025\/11\/Jaksic-galerija_kameni-kalendarr.jpg 1200w\" sizes=\"(max-width: 1024px) 100vw, 1024px\" \/><\/a>\n\t\t\t\t<\/dt><\/dl><dl class='gallery-item'>\n\t\t\t\t<dt class='gallery-icon landscape'>\n\t\t\t\t\t<a href='https:\/\/galerijajaksic.com\/wp-content\/uploads\/2025\/11\/Jaksic-galerija_kameni-kalendar.jpg'><img width=\"1024\" height=\"1024\" src=\"https:\/\/galerijajaksic.com\/wp-content\/uploads\/2025\/11\/Jaksic-galerija_kameni-kalendar-1024x1024.jpg\" class=\"attachment-large size-large\" alt=\"Kameni kalendar s \u0161est plo\u010da i tiskom mjeseci\" loading=\"lazy\" srcset=\"https:\/\/galerijajaksic.com\/wp-content\/uploads\/2025\/11\/Jaksic-galerija_kameni-kalendar-1024x1024.jpg 1024w, https:\/\/galerijajaksic.com\/wp-content\/uploads\/2025\/11\/Jaksic-galerija_kameni-kalendar-300x300.jpg 300w, https:\/\/galerijajaksic.com\/wp-content\/uploads\/2025\/11\/Jaksic-galerija_kameni-kalendar-150x150.jpg 150w, https:\/\/galerijajaksic.com\/wp-content\/uploads\/2025\/11\/Jaksic-galerija_kameni-kalendar-768x768.jpg 768w, https:\/\/galerijajaksic.com\/wp-content\/uploads\/2025\/11\/Jaksic-galerija_kameni-kalendar-146x146.jpg 146w, https:\/\/galerijajaksic.com\/wp-content\/uploads\/2025\/11\/Jaksic-galerija_kameni-kalendar-50x50.jpg 50w, https:\/\/galerijajaksic.com\/wp-content\/uploads\/2025\/11\/Jaksic-galerija_kameni-kalendar-75x75.jpg 75w, https:\/\/galerijajaksic.com\/wp-content\/uploads\/2025\/11\/Jaksic-galerija_kameni-kalendar-85x85.jpg 85w, https:\/\/galerijajaksic.com\/wp-content\/uploads\/2025\/11\/Jaksic-galerija_kameni-kalendar-80x80.jpg 80w, https:\/\/galerijajaksic.com\/wp-content\/uploads\/2025\/11\/Jaksic-galerija_kameni-kalendar.jpg 1200w\" sizes=\"(max-width: 1024px) 100vw, 1024px\" \/><\/a>\n\t\t\t\t<\/dt><\/dl><br style=\"clear: both\" \/><dl class='gallery-item'>\n\t\t\t\t<dt class='gallery-icon landscape'>\n\t\t\t\t\t<a href='https:\/\/galerijajaksic.com\/wp-content\/uploads\/2025\/11\/Jaksic-galerija_kameni-cvijetovi.jpg'><img width=\"1024\" height=\"1024\" src=\"https:\/\/galerijajaksic.com\/wp-content\/uploads\/2025\/11\/Jaksic-galerija_kameni-cvijetovi-1024x1024.jpg\" class=\"attachment-large size-large\" alt=\"Kamena bo\u017ei\u0107na zvijezda \u2013 cvijet izra\u0111en od raznih vrsta bra\u010dkog kamena, simbol prirodne ljepote i trajnosti.\" loading=\"lazy\" srcset=\"https:\/\/galerijajaksic.com\/wp-content\/uploads\/2025\/11\/Jaksic-galerija_kameni-cvijetovi-1024x1024.jpg 1024w, https:\/\/galerijajaksic.com\/wp-content\/uploads\/2025\/11\/Jaksic-galerija_kameni-cvijetovi-300x300.jpg 300w, https:\/\/galerijajaksic.com\/wp-content\/uploads\/2025\/11\/Jaksic-galerija_kameni-cvijetovi-150x150.jpg 150w, https:\/\/galerijajaksic.com\/wp-content\/uploads\/2025\/11\/Jaksic-galerija_kameni-cvijetovi-768x768.jpg 768w, https:\/\/galerijajaksic.com\/wp-content\/uploads\/2025\/11\/Jaksic-galerija_kameni-cvijetovi-146x146.jpg 146w, https:\/\/galerijajaksic.com\/wp-content\/uploads\/2025\/11\/Jaksic-galerija_kameni-cvijetovi-50x50.jpg 50w, https:\/\/galerijajaksic.com\/wp-content\/uploads\/2025\/11\/Jaksic-galerija_kameni-cvijetovi-75x75.jpg 75w, https:\/\/galerijajaksic.com\/wp-content\/uploads\/2025\/11\/Jaksic-galerija_kameni-cvijetovi-85x85.jpg 85w, https:\/\/galerijajaksic.com\/wp-content\/uploads\/2025\/11\/Jaksic-galerija_kameni-cvijetovi-80x80.jpg 80w, https:\/\/galerijajaksic.com\/wp-content\/uploads\/2025\/11\/Jaksic-galerija_kameni-cvijetovi.jpg 1200w\" sizes=\"(max-width: 1024px) 100vw, 1024px\" \/><\/a>\n\t\t\t\t<\/dt><\/dl><dl class='gallery-item'>\n\t\t\t\t<dt class='gallery-icon landscape'>\n\t\t\t\t\t<a href='https:\/\/galerijajaksic.com\/wp-content\/uploads\/2025\/11\/Jaksic-galerija_kameni-borovi.jpg'><img width=\"1024\" height=\"1024\" src=\"https:\/\/galerijajaksic.com\/wp-content\/uploads\/2025\/11\/Jaksic-galerija_kameni-borovi-1024x1024.jpg\" class=\"attachment-large size-large\" alt=\"Kameni borovi razli\u010ditog dizajna\" loading=\"lazy\" srcset=\"https:\/\/galerijajaksic.com\/wp-content\/uploads\/2025\/11\/Jaksic-galerija_kameni-borovi-1024x1024.jpg 1024w, https:\/\/galerijajaksic.com\/wp-content\/uploads\/2025\/11\/Jaksic-galerija_kameni-borovi-300x300.jpg 300w, https:\/\/galerijajaksic.com\/wp-content\/uploads\/2025\/11\/Jaksic-galerija_kameni-borovi-150x150.jpg 150w, https:\/\/galerijajaksic.com\/wp-content\/uploads\/2025\/11\/Jaksic-galerija_kameni-borovi-768x768.jpg 768w, https:\/\/galerijajaksic.com\/wp-content\/uploads\/2025\/11\/Jaksic-galerija_kameni-borovi-146x146.jpg 146w, https:\/\/galerijajaksic.com\/wp-content\/uploads\/2025\/11\/Jaksic-galerija_kameni-borovi-50x50.jpg 50w, https:\/\/galerijajaksic.com\/wp-content\/uploads\/2025\/11\/Jaksic-galerija_kameni-borovi-75x75.jpg 75w, https:\/\/galerijajaksic.com\/wp-content\/uploads\/2025\/11\/Jaksic-galerija_kameni-borovi-85x85.jpg 85w, https:\/\/galerijajaksic.com\/wp-content\/uploads\/2025\/11\/Jaksic-galerija_kameni-borovi-80x80.jpg 80w, https:\/\/galerijajaksic.com\/wp-content\/uploads\/2025\/11\/Jaksic-galerija_kameni-borovi.jpg 1200w\" sizes=\"(max-width: 1024px) 100vw, 1024px\" \/><\/a>\n\t\t\t\t<\/dt><\/dl><dl class='gallery-item'>\n\t\t\t\t<dt class='gallery-icon landscape'>\n\t\t\t\t\t<a href='https:\/\/galerijajaksic.com\/wp-content\/uploads\/2025\/11\/Jaksic-galerija_kamene-jelke.jpg'><img width=\"1024\" height=\"1024\" src=\"https:\/\/galerijajaksic.com\/wp-content\/uploads\/2025\/11\/Jaksic-galerija_kamene-jelke-1024x1024.jpg\" class=\"attachment-large size-large\" alt=\"Kamene jelke razli\u010ditih oblika i tonova kamena \u2013 elegantni bo\u017ei\u0107ni pokloni iz Galerije Jak\u0161i\u0107.\" loading=\"lazy\" srcset=\"https:\/\/galerijajaksic.com\/wp-content\/uploads\/2025\/11\/Jaksic-galerija_kamene-jelke-1024x1024.jpg 1024w, https:\/\/galerijajaksic.com\/wp-content\/uploads\/2025\/11\/Jaksic-galerija_kamene-jelke-300x300.jpg 300w, https:\/\/galerijajaksic.com\/wp-content\/uploads\/2025\/11\/Jaksic-galerija_kamene-jelke-150x150.jpg 150w, https:\/\/galerijajaksic.com\/wp-content\/uploads\/2025\/11\/Jaksic-galerija_kamene-jelke-768x768.jpg 768w, https:\/\/galerijajaksic.com\/wp-content\/uploads\/2025\/11\/Jaksic-galerija_kamene-jelke-146x146.jpg 146w, https:\/\/galerijajaksic.com\/wp-content\/uploads\/2025\/11\/Jaksic-galerija_kamene-jelke-50x50.jpg 50w, https:\/\/galerijajaksic.com\/wp-content\/uploads\/2025\/11\/Jaksic-galerija_kamene-jelke-75x75.jpg 75w, https:\/\/galerijajaksic.com\/wp-content\/uploads\/2025\/11\/Jaksic-galerija_kamene-jelke-85x85.jpg 85w, https:\/\/galerijajaksic.com\/wp-content\/uploads\/2025\/11\/Jaksic-galerija_kamene-jelke-80x80.jpg 80w, https:\/\/galerijajaksic.com\/wp-content\/uploads\/2025\/11\/Jaksic-galerija_kamene-jelke.jpg 1193w\" sizes=\"(max-width: 1024px) 100vw, 1024px\" \/><\/a>\n\t\t\t\t<\/dt><\/dl><br style=\"clear: both\" \/>\n\t\t\t<\/div>\n\n<h2 data-start=\"247\" data-end=\"303\">A Stone Christmas \u2013 Art, Design and Timeless Gifts<\/h2>\n<p data-start=\"305\" data-end=\"617\">Jak\u0161i\u0107 Gallery and our<strong> <a href=\"https:\/\/klesarskaradionica-jaksic.hr\/en\">workshop<\/a><\/strong> once again bring a special festive display and a new holiday collection this year.<br data-start=\"427\" data-end=\"430\" \/>Our shop windows glow in shades of red and green \u2013 colours that symbolise warmth and joy.<br data-start=\"519\" data-end=\"522\" \/>They highlight details that unite stone, design, and the tradition of the island of Bra\u010d.<\/p>\n<p data-start=\"619\" data-end=\"1145\">The central feature of this year\u2019s decoration is our collection of stone Christmas trees.<br data-start=\"712\" data-end=\"715\" \/>They are unique because they are made from the remains of a large project recently completed.<br data-start=\"808\" data-end=\"811\" \/>From leftover stone slabs with holes created during the production of souvenirs, a new idea emerged.<br data-start=\"915\" data-end=\"918\" \/>We added red ribbons and created new stone pine trees \u2013 a combination of aesthetics, sustainability, and creativity.<br data-start=\"1038\" data-end=\"1041\" \/>In this way, stone is used to its full potential, and even the smallest pieces find a new purpose.<\/p>\n<p data-start=\"1147\" data-end=\"1419\">This year we also present several new <strong><a href=\"https:\/\/galerijajaksic.com\/en\/kamen-i-od-kamena\/\">stone<\/a> <\/strong>products.<br data-start=\"1204\" data-end=\"1207\" \/>The most attention goes to the stone <strong><a href=\"https:\/\/galerijajaksic.com\/en\/stone-christmas-tree-holiday-decoration-and-gift\/\">Christmas trees<\/a><\/strong> \u2013 available in three versions that fit beautifully into any interior.<br data-start=\"1333\" data-end=\"1336\" \/>Geometric, organic, and perforated designs offer a range from minimal to playful.<\/p>\n<p data-start=\"1421\" data-end=\"1814\">Another new product is the stone calendar, an elegant and functional piece consisting of six stone plates.<br data-start=\"1535\" data-end=\"1538\" \/>Each plate shows two months, and thanks to the screws and a metal rod inside the structure, the plates can easily be turned or opened.<br data-start=\"1680\" data-end=\"1683\" \/>As the pages rotate, new months appear.<br data-start=\"1722\" data-end=\"1725\" \/>It\u2019s a perfect fusion of design, practicality, and tradition in one piece of stone.<\/p>\n<p data-start=\"1816\" data-end=\"2278\">We also continue to offer our well-known creations, which have become symbols of the Christmas season at Jak\u0161i\u0107 Gallery.<br data-start=\"1940\" data-end=\"1943\" \/>Our stone Christmas stars \u2013 our version of the poinsettia flower \u2013 are made from different types of Bra\u010d stone: white, grey, Rasotica, and Drstivica for the flower centre.<br data-start=\"2122\" data-end=\"2125\" \/>Each one is unique, natural, and, most importantly, everlasting.<br data-start=\"2189\" data-end=\"2192\" \/>This makes them an ideal gift for women, combining elegance and timeless beauty.<\/p>\n<p data-start=\"2280\" data-end=\"2756\">There are also two versions of our advent candle holder.<br data-start=\"2340\" data-end=\"2343\" \/>The first is a compact form that opens gradually \u2013 each stone layer holds its own candle.<br data-start=\"2436\" data-end=\"2439\" \/>As the Advent Sundays pass, the slabs open, and by the fourth Sunday, the holder blooms into a flower shape.<br data-start=\"2547\" data-end=\"2550\" \/>The second version consists of four separate stone elements that can be freely arranged to create different compositions.<br data-start=\"2675\" data-end=\"2678\" \/>This allows everyone to design their own rhythm of light and warmth at home.<\/p>\n<p data-start=\"2758\" data-end=\"3081\">Our offer also includes the stone pine puzzle, necklaces with festive relief motifs, and stone paper holders with tree designs.<br data-start=\"2897\" data-end=\"2900\" \/>As every year, we have created a new ornament \u2013 the stone bell, a symbol of joy and holiday connection.<br data-start=\"3011\" data-end=\"3014\" \/>It is gifted with every purchase as a small sign of appreciation.<\/p>\n<p data-start=\"3083\" data-end=\"3401\">Stone Christmas at Jak\u0161i\u0107 Gallery celebrates creativity, sustainability, and the beauty of stone \u2013 a material that, on Bra\u010d, carries both soul and story.<br data-start=\"3244\" data-end=\"3247\" \/>Each of our pieces expresses that story, whether it\u2019s a small souvenir or a statement piece that brings the spirit of the Mediterranean into every home.<\/p>\n","protected":false},"excerpt":{"rendered":"<p>A Stone Christmas \u2013 Art, Design and Timeless Gifts Jak\u0161i\u0107 Gallery and our workshop once again bring a special festive display and a new holiday collection<span class=\"excerpt-hellip\"> [\u2026]<\/span><\/p>\n","protected":false},"author":1,"featured_media":4058,"comment_status":"closed","ping_status":"closed","sticky":false,"template":"","format":"standard","meta":[],"categories":[49,51],"tags":[],"_links":{"self":[{"href":"https:\/\/galerijajaksic.com\/en\/wp-json\/wp\/v2\/posts\/4052"}],"collection":[{"href":"https:\/\/galerijajaksic.com\/en\/wp-json\/wp\/v2\/posts"}],"about":[{"href":"https:\/\/galerijajaksic.com\/en\/wp-json\/wp\/v2\/types\/post"}],"author":[{"embeddable":true,"href":"https:\/\/galerijajaksic.com\/en\/wp-json\/wp\/v2\/users\/1"}],"replies":[{"embeddable":true,"href":"https:\/\/galerijajaksic.com\/en\/wp-json\/wp\/v2\/comments?post=4052"}],"version-history":[{"count":2,"href":"https:\/\/galerijajaksic.com\/en\/wp-json\/wp\/v2\/posts\/4052\/revisions"}],"predecessor-version":[{"id":4073,"href":"https:\/\/galerijajaksic.com\/en\/wp-json\/wp\/v2\/posts\/4052\/revisions\/4073"}],"wp:featuredmedia":[{"embeddable":true,"href":"https:\/\/galerijajaksic.com\/en\/wp-json\/wp\/v2\/media\/4058"}],"wp:attachment":[{"href":"https:\/\/galerijajaksic.com\/en\/wp-json\/wp\/v2\/media?parent=4052"}],"wp:term":[{"taxonomy":"category","embeddable":true,"href":"https:\/\/galerijajaksic.com\/en\/wp-json\/wp\/v2\/categories?post=4052"},{"taxonomy":"post_tag","embeddable":true,"href":"https:\/\/galerijajaksic.com\/en\/wp-json\/wp\/v2\/tags?post=4052"}],"curies":[{"name":"wp","href":"https:\/\/api.w.org\/{rel}","templated":true}]}}