{"id":4077,"date":"2024-01-13T23:16:13","date_gmt":"2024-01-13T23:16:13","guid":{"rendered":"https:\/\/galerijajaksic.com\/?p=4077"},"modified":"2025-11-23T23:16:37","modified_gmt":"2025-11-23T23:16:37","slug":"stone-planters-in-sutivan-stories-of-the-sea-in-stone","status":"publish","type":"post","link":"https:\/\/galerijajaksic.com\/en\/stone-planters-in-sutivan-stories-of-the-sea-in-stone\/","title":{"rendered":"Stone Planters in Sutivan \u2013 Stories of the Sea in Stone"},"content":{"rendered":"\n\t\t\t<style type='text\/css'>\n\t\t\t\t#sc_gallery-1 {\n\t\t\t\t\tmargin: auto;\n\t\t\t\t}\n\t\t\t\t#sc_gallery-1 .gallery-item {\n\t\t\t\t\tfloat: left;\n\t\t\t\t\tmargin-top: 10px;\n\t\t\t\t\ttext-align: center;\n\t\t\t\t\twidth: 33.33%;\n\t\t\t\t}\n\t\t\t\t#sc_gallery-1 img {\n\t\t\t\t\tborder: 2px solid #cfcfcf;\n\t\t\t\t}\n\t\t\t\t#sc_gallery-1 .gallery-caption {\n\t\t\t\t\tmargin-left: 0;\n\t\t\t\t}\n\t\t\t\t\/* see sc_gallery() in functions\/theme-shortcodes.php *\/\n\t\t\t<\/style>\n\t\t<div id='sc_gallery-1' class='gallery galleryid-4077 gallery-columns-3 gallery-size-large file'><dl class='gallery-item'>\n\t\t\t\t<dt class='gallery-icon landscape'>\n\t\t\t\t\t<a href='https:\/\/galerijajaksic.com\/wp-content\/uploads\/2025\/11\/Kameni-pitari_Sutivan_Dina-Jaksic-Pavasovic2.jpg'><img width=\"1024\" height=\"1024\" src=\"https:\/\/galerijajaksic.com\/wp-content\/uploads\/2025\/11\/Kameni-pitari_Sutivan_Dina-Jaksic-Pavasovic2-1024x1024.jpg\" class=\"attachment-large size-large\" alt=\"Kameni pitari osvijetljeni ve\u010dernjom rasvjetom na sutivanskoj \u0161etnici.\" loading=\"lazy\" srcset=\"https:\/\/galerijajaksic.com\/wp-content\/uploads\/2025\/11\/Kameni-pitari_Sutivan_Dina-Jaksic-Pavasovic2-1024x1024.jpg 1024w, https:\/\/galerijajaksic.com\/wp-content\/uploads\/2025\/11\/Kameni-pitari_Sutivan_Dina-Jaksic-Pavasovic2-300x300.jpg 300w, https:\/\/galerijajaksic.com\/wp-content\/uploads\/2025\/11\/Kameni-pitari_Sutivan_Dina-Jaksic-Pavasovic2-150x150.jpg 150w, https:\/\/galerijajaksic.com\/wp-content\/uploads\/2025\/11\/Kameni-pitari_Sutivan_Dina-Jaksic-Pavasovic2-768x768.jpg 768w, https:\/\/galerijajaksic.com\/wp-content\/uploads\/2025\/11\/Kameni-pitari_Sutivan_Dina-Jaksic-Pavasovic2-146x146.jpg 146w, https:\/\/galerijajaksic.com\/wp-content\/uploads\/2025\/11\/Kameni-pitari_Sutivan_Dina-Jaksic-Pavasovic2-50x50.jpg 50w, https:\/\/galerijajaksic.com\/wp-content\/uploads\/2025\/11\/Kameni-pitari_Sutivan_Dina-Jaksic-Pavasovic2-75x75.jpg 75w, https:\/\/galerijajaksic.com\/wp-content\/uploads\/2025\/11\/Kameni-pitari_Sutivan_Dina-Jaksic-Pavasovic2-85x85.jpg 85w, https:\/\/galerijajaksic.com\/wp-content\/uploads\/2025\/11\/Kameni-pitari_Sutivan_Dina-Jaksic-Pavasovic2-80x80.jpg 80w, https:\/\/galerijajaksic.com\/wp-content\/uploads\/2025\/11\/Kameni-pitari_Sutivan_Dina-Jaksic-Pavasovic2.jpg 1200w\" sizes=\"(max-width: 1024px) 100vw, 1024px\" \/><\/a>\n\t\t\t\t<\/dt><\/dl><dl class='gallery-item'>\n\t\t\t\t<dt class='gallery-icon landscape'>\n\t\t\t\t\t<a href='https:\/\/galerijajaksic.com\/wp-content\/uploads\/2025\/11\/Kameni-pitari_Sutivan_Dina-Jaksic-Pavasovic9.jpg'><img width=\"1024\" height=\"1024\" src=\"https:\/\/galerijajaksic.com\/wp-content\/uploads\/2025\/11\/Kameni-pitari_Sutivan_Dina-Jaksic-Pavasovic9-1024x1024.jpg\" class=\"attachment-large size-large\" alt=\"Niz kamenih pitara postavljenih uz Aveniju palmi u Sutivanu.\" loading=\"lazy\" srcset=\"https:\/\/galerijajaksic.com\/wp-content\/uploads\/2025\/11\/Kameni-pitari_Sutivan_Dina-Jaksic-Pavasovic9-1024x1024.jpg 1024w, https:\/\/galerijajaksic.com\/wp-content\/uploads\/2025\/11\/Kameni-pitari_Sutivan_Dina-Jaksic-Pavasovic9-300x300.jpg 300w, https:\/\/galerijajaksic.com\/wp-content\/uploads\/2025\/11\/Kameni-pitari_Sutivan_Dina-Jaksic-Pavasovic9-150x150.jpg 150w, https:\/\/galerijajaksic.com\/wp-content\/uploads\/2025\/11\/Kameni-pitari_Sutivan_Dina-Jaksic-Pavasovic9-768x768.jpg 768w, https:\/\/galerijajaksic.com\/wp-content\/uploads\/2025\/11\/Kameni-pitari_Sutivan_Dina-Jaksic-Pavasovic9-146x146.jpg 146w, https:\/\/galerijajaksic.com\/wp-content\/uploads\/2025\/11\/Kameni-pitari_Sutivan_Dina-Jaksic-Pavasovic9-50x50.jpg 50w, https:\/\/galerijajaksic.com\/wp-content\/uploads\/2025\/11\/Kameni-pitari_Sutivan_Dina-Jaksic-Pavasovic9-75x75.jpg 75w, https:\/\/galerijajaksic.com\/wp-content\/uploads\/2025\/11\/Kameni-pitari_Sutivan_Dina-Jaksic-Pavasovic9-85x85.jpg 85w, https:\/\/galerijajaksic.com\/wp-content\/uploads\/2025\/11\/Kameni-pitari_Sutivan_Dina-Jaksic-Pavasovic9-80x80.jpg 80w, https:\/\/galerijajaksic.com\/wp-content\/uploads\/2025\/11\/Kameni-pitari_Sutivan_Dina-Jaksic-Pavasovic9.jpg 1200w\" sizes=\"(max-width: 1024px) 100vw, 1024px\" \/><\/a>\n\t\t\t\t<\/dt><\/dl><dl class='gallery-item'>\n\t\t\t\t<dt class='gallery-icon landscape'>\n\t\t\t\t\t<a href='https:\/\/galerijajaksic.com\/wp-content\/uploads\/2025\/11\/Kameni-pitari_Sutivan_Dina-Jaksic-Pavasovic7.jpg'><img width=\"1024\" height=\"1024\" src=\"https:\/\/galerijajaksic.com\/wp-content\/uploads\/2025\/11\/Kameni-pitari_Sutivan_Dina-Jaksic-Pavasovic7-1024x1024.jpg\" class=\"attachment-large size-large\" alt=\"Pogled na kamene pitare razli\u010ditih visina du\u017e \u0161etnice uz more.\" loading=\"lazy\" srcset=\"https:\/\/galerijajaksic.com\/wp-content\/uploads\/2025\/11\/Kameni-pitari_Sutivan_Dina-Jaksic-Pavasovic7-1024x1024.jpg 1024w, https:\/\/galerijajaksic.com\/wp-content\/uploads\/2025\/11\/Kameni-pitari_Sutivan_Dina-Jaksic-Pavasovic7-300x300.jpg 300w, https:\/\/galerijajaksic.com\/wp-content\/uploads\/2025\/11\/Kameni-pitari_Sutivan_Dina-Jaksic-Pavasovic7-150x150.jpg 150w, https:\/\/galerijajaksic.com\/wp-content\/uploads\/2025\/11\/Kameni-pitari_Sutivan_Dina-Jaksic-Pavasovic7-768x768.jpg 768w, https:\/\/galerijajaksic.com\/wp-content\/uploads\/2025\/11\/Kameni-pitari_Sutivan_Dina-Jaksic-Pavasovic7-146x146.jpg 146w, https:\/\/galerijajaksic.com\/wp-content\/uploads\/2025\/11\/Kameni-pitari_Sutivan_Dina-Jaksic-Pavasovic7-50x50.jpg 50w, https:\/\/galerijajaksic.com\/wp-content\/uploads\/2025\/11\/Kameni-pitari_Sutivan_Dina-Jaksic-Pavasovic7-75x75.jpg 75w, https:\/\/galerijajaksic.com\/wp-content\/uploads\/2025\/11\/Kameni-pitari_Sutivan_Dina-Jaksic-Pavasovic7-85x85.jpg 85w, https:\/\/galerijajaksic.com\/wp-content\/uploads\/2025\/11\/Kameni-pitari_Sutivan_Dina-Jaksic-Pavasovic7-80x80.jpg 80w, https:\/\/galerijajaksic.com\/wp-content\/uploads\/2025\/11\/Kameni-pitari_Sutivan_Dina-Jaksic-Pavasovic7.jpg 1200w\" sizes=\"(max-width: 1024px) 100vw, 1024px\" \/><\/a>\n\t\t\t\t<\/dt><\/dl><br style=\"clear: both\" \/><dl class='gallery-item'>\n\t\t\t\t<dt class='gallery-icon landscape'>\n\t\t\t\t\t<a href='https:\/\/galerijajaksic.com\/wp-content\/uploads\/2025\/11\/Kameni-pitari_Sutivan_Dina-Jaksic-Pavasovic4.jpg'><img width=\"1024\" height=\"1024\" src=\"https:\/\/galerijajaksic.com\/wp-content\/uploads\/2025\/11\/Kameni-pitari_Sutivan_Dina-Jaksic-Pavasovic4-1024x1024.jpg\" class=\"attachment-large size-large\" alt=\"Kameni pitari uz \u0161etnicu pod palmama, uklopljeni u mediteranski ambijent.\" loading=\"lazy\" srcset=\"https:\/\/galerijajaksic.com\/wp-content\/uploads\/2025\/11\/Kameni-pitari_Sutivan_Dina-Jaksic-Pavasovic4-1024x1024.jpg 1024w, https:\/\/galerijajaksic.com\/wp-content\/uploads\/2025\/11\/Kameni-pitari_Sutivan_Dina-Jaksic-Pavasovic4-300x300.jpg 300w, https:\/\/galerijajaksic.com\/wp-content\/uploads\/2025\/11\/Kameni-pitari_Sutivan_Dina-Jaksic-Pavasovic4-150x150.jpg 150w, https:\/\/galerijajaksic.com\/wp-content\/uploads\/2025\/11\/Kameni-pitari_Sutivan_Dina-Jaksic-Pavasovic4-768x768.jpg 768w, https:\/\/galerijajaksic.com\/wp-content\/uploads\/2025\/11\/Kameni-pitari_Sutivan_Dina-Jaksic-Pavasovic4-146x146.jpg 146w, https:\/\/galerijajaksic.com\/wp-content\/uploads\/2025\/11\/Kameni-pitari_Sutivan_Dina-Jaksic-Pavasovic4-50x50.jpg 50w, https:\/\/galerijajaksic.com\/wp-content\/uploads\/2025\/11\/Kameni-pitari_Sutivan_Dina-Jaksic-Pavasovic4-75x75.jpg 75w, https:\/\/galerijajaksic.com\/wp-content\/uploads\/2025\/11\/Kameni-pitari_Sutivan_Dina-Jaksic-Pavasovic4-85x85.jpg 85w, https:\/\/galerijajaksic.com\/wp-content\/uploads\/2025\/11\/Kameni-pitari_Sutivan_Dina-Jaksic-Pavasovic4-80x80.jpg 80w, https:\/\/galerijajaksic.com\/wp-content\/uploads\/2025\/11\/Kameni-pitari_Sutivan_Dina-Jaksic-Pavasovic4.jpg 1200w\" sizes=\"(max-width: 1024px) 100vw, 1024px\" \/><\/a>\n\t\t\t\t<\/dt><\/dl><dl class='gallery-item'>\n\t\t\t\t<dt class='gallery-icon landscape'>\n\t\t\t\t\t<a href='https:\/\/galerijajaksic.com\/wp-content\/uploads\/2025\/11\/Kameni-pitari_Sutivan_Dina-Jaksic-Pavasovic6.jpg'><img width=\"1024\" height=\"1024\" src=\"https:\/\/galerijajaksic.com\/wp-content\/uploads\/2025\/11\/Kameni-pitari_Sutivan_Dina-Jaksic-Pavasovic6-1024x1024.jpg\" class=\"attachment-large size-large\" alt=\"Kamena posuda za cije\u0107e na \u0161etnici u Sutivanu\" loading=\"lazy\" srcset=\"https:\/\/galerijajaksic.com\/wp-content\/uploads\/2025\/11\/Kameni-pitari_Sutivan_Dina-Jaksic-Pavasovic6-1024x1024.jpg 1024w, https:\/\/galerijajaksic.com\/wp-content\/uploads\/2025\/11\/Kameni-pitari_Sutivan_Dina-Jaksic-Pavasovic6-300x300.jpg 300w, https:\/\/galerijajaksic.com\/wp-content\/uploads\/2025\/11\/Kameni-pitari_Sutivan_Dina-Jaksic-Pavasovic6-150x150.jpg 150w, https:\/\/galerijajaksic.com\/wp-content\/uploads\/2025\/11\/Kameni-pitari_Sutivan_Dina-Jaksic-Pavasovic6-768x768.jpg 768w, https:\/\/galerijajaksic.com\/wp-content\/uploads\/2025\/11\/Kameni-pitari_Sutivan_Dina-Jaksic-Pavasovic6-146x146.jpg 146w, https:\/\/galerijajaksic.com\/wp-content\/uploads\/2025\/11\/Kameni-pitari_Sutivan_Dina-Jaksic-Pavasovic6-50x50.jpg 50w, https:\/\/galerijajaksic.com\/wp-content\/uploads\/2025\/11\/Kameni-pitari_Sutivan_Dina-Jaksic-Pavasovic6-75x75.jpg 75w, https:\/\/galerijajaksic.com\/wp-content\/uploads\/2025\/11\/Kameni-pitari_Sutivan_Dina-Jaksic-Pavasovic6-85x85.jpg 85w, https:\/\/galerijajaksic.com\/wp-content\/uploads\/2025\/11\/Kameni-pitari_Sutivan_Dina-Jaksic-Pavasovic6-80x80.jpg 80w, https:\/\/galerijajaksic.com\/wp-content\/uploads\/2025\/11\/Kameni-pitari_Sutivan_Dina-Jaksic-Pavasovic6.jpg 1200w\" sizes=\"(max-width: 1024px) 100vw, 1024px\" \/><\/a>\n\t\t\t\t<\/dt><\/dl><dl class='gallery-item'>\n\t\t\t\t<dt class='gallery-icon landscape'>\n\t\t\t\t\t<a href='https:\/\/galerijajaksic.com\/wp-content\/uploads\/2025\/11\/Kameni-pitari_Sutivan_Dina-Jaksic-Pavasovic3.jpg'><img width=\"1024\" height=\"1024\" src=\"https:\/\/galerijajaksic.com\/wp-content\/uploads\/2025\/11\/Kameni-pitari_Sutivan_Dina-Jaksic-Pavasovic3-1024x1024.jpg\" class=\"attachment-large size-large\" alt=\"Pitar s urezanim uzorkom morske mre\u017ee i opisom riblje vrste na bo\u010dnoj strani.\" loading=\"lazy\" srcset=\"https:\/\/galerijajaksic.com\/wp-content\/uploads\/2025\/11\/Kameni-pitari_Sutivan_Dina-Jaksic-Pavasovic3-1024x1024.jpg 1024w, https:\/\/galerijajaksic.com\/wp-content\/uploads\/2025\/11\/Kameni-pitari_Sutivan_Dina-Jaksic-Pavasovic3-300x300.jpg 300w, https:\/\/galerijajaksic.com\/wp-content\/uploads\/2025\/11\/Kameni-pitari_Sutivan_Dina-Jaksic-Pavasovic3-150x150.jpg 150w, https:\/\/galerijajaksic.com\/wp-content\/uploads\/2025\/11\/Kameni-pitari_Sutivan_Dina-Jaksic-Pavasovic3-768x768.jpg 768w, https:\/\/galerijajaksic.com\/wp-content\/uploads\/2025\/11\/Kameni-pitari_Sutivan_Dina-Jaksic-Pavasovic3-146x146.jpg 146w, https:\/\/galerijajaksic.com\/wp-content\/uploads\/2025\/11\/Kameni-pitari_Sutivan_Dina-Jaksic-Pavasovic3-50x50.jpg 50w, https:\/\/galerijajaksic.com\/wp-content\/uploads\/2025\/11\/Kameni-pitari_Sutivan_Dina-Jaksic-Pavasovic3-75x75.jpg 75w, https:\/\/galerijajaksic.com\/wp-content\/uploads\/2025\/11\/Kameni-pitari_Sutivan_Dina-Jaksic-Pavasovic3-85x85.jpg 85w, https:\/\/galerijajaksic.com\/wp-content\/uploads\/2025\/11\/Kameni-pitari_Sutivan_Dina-Jaksic-Pavasovic3-80x80.jpg 80w, https:\/\/galerijajaksic.com\/wp-content\/uploads\/2025\/11\/Kameni-pitari_Sutivan_Dina-Jaksic-Pavasovic3.jpg 1200w\" sizes=\"(max-width: 1024px) 100vw, 1024px\" \/><\/a>\n\t\t\t\t<\/dt><\/dl><br style=\"clear: both\" \/><dl class='gallery-item'>\n\t\t\t\t<dt class='gallery-icon landscape'>\n\t\t\t\t\t<a href='https:\/\/galerijajaksic.com\/wp-content\/uploads\/2025\/11\/Kameni-pitari_Sutivan_Dina-Jaksic-Pavasovic8.jpg'><img width=\"1024\" height=\"1024\" src=\"https:\/\/galerijajaksic.com\/wp-content\/uploads\/2025\/11\/Kameni-pitari_Sutivan_Dina-Jaksic-Pavasovic8-1024x1024.jpg\" class=\"attachment-large size-large\" alt=\"Silueta morse alge na kamenim pitarima u Sutivanu\" loading=\"lazy\" srcset=\"https:\/\/galerijajaksic.com\/wp-content\/uploads\/2025\/11\/Kameni-pitari_Sutivan_Dina-Jaksic-Pavasovic8-1024x1024.jpg 1024w, https:\/\/galerijajaksic.com\/wp-content\/uploads\/2025\/11\/Kameni-pitari_Sutivan_Dina-Jaksic-Pavasovic8-300x300.jpg 300w, https:\/\/galerijajaksic.com\/wp-content\/uploads\/2025\/11\/Kameni-pitari_Sutivan_Dina-Jaksic-Pavasovic8-150x150.jpg 150w, https:\/\/galerijajaksic.com\/wp-content\/uploads\/2025\/11\/Kameni-pitari_Sutivan_Dina-Jaksic-Pavasovic8-768x768.jpg 768w, https:\/\/galerijajaksic.com\/wp-content\/uploads\/2025\/11\/Kameni-pitari_Sutivan_Dina-Jaksic-Pavasovic8-146x146.jpg 146w, https:\/\/galerijajaksic.com\/wp-content\/uploads\/2025\/11\/Kameni-pitari_Sutivan_Dina-Jaksic-Pavasovic8-50x50.jpg 50w, https:\/\/galerijajaksic.com\/wp-content\/uploads\/2025\/11\/Kameni-pitari_Sutivan_Dina-Jaksic-Pavasovic8-75x75.jpg 75w, https:\/\/galerijajaksic.com\/wp-content\/uploads\/2025\/11\/Kameni-pitari_Sutivan_Dina-Jaksic-Pavasovic8-85x85.jpg 85w, https:\/\/galerijajaksic.com\/wp-content\/uploads\/2025\/11\/Kameni-pitari_Sutivan_Dina-Jaksic-Pavasovic8-80x80.jpg 80w, https:\/\/galerijajaksic.com\/wp-content\/uploads\/2025\/11\/Kameni-pitari_Sutivan_Dina-Jaksic-Pavasovic8.jpg 1200w\" sizes=\"(max-width: 1024px) 100vw, 1024px\" \/><\/a>\n\t\t\t\t<\/dt><\/dl><dl class='gallery-item'>\n\t\t\t\t<dt class='gallery-icon landscape'>\n\t\t\t\t\t<a href='https:\/\/galerijajaksic.com\/wp-content\/uploads\/2025\/11\/Kameni-pitari_Sutivan_Dina-Jaksic-Pavasovic10.jpg'><img width=\"1024\" height=\"1024\" src=\"https:\/\/galerijajaksic.com\/wp-content\/uploads\/2025\/11\/Kameni-pitari_Sutivan_Dina-Jaksic-Pavasovic10-1024x1024.jpg\" class=\"attachment-large size-large\" alt=\"No\u0107na rasvjeta nagla\u0161ava reljefe i alge na kamenim pitarima.\" loading=\"lazy\" srcset=\"https:\/\/galerijajaksic.com\/wp-content\/uploads\/2025\/11\/Kameni-pitari_Sutivan_Dina-Jaksic-Pavasovic10-1024x1024.jpg 1024w, https:\/\/galerijajaksic.com\/wp-content\/uploads\/2025\/11\/Kameni-pitari_Sutivan_Dina-Jaksic-Pavasovic10-300x300.jpg 300w, https:\/\/galerijajaksic.com\/wp-content\/uploads\/2025\/11\/Kameni-pitari_Sutivan_Dina-Jaksic-Pavasovic10-150x150.jpg 150w, https:\/\/galerijajaksic.com\/wp-content\/uploads\/2025\/11\/Kameni-pitari_Sutivan_Dina-Jaksic-Pavasovic10-768x768.jpg 768w, https:\/\/galerijajaksic.com\/wp-content\/uploads\/2025\/11\/Kameni-pitari_Sutivan_Dina-Jaksic-Pavasovic10-146x146.jpg 146w, https:\/\/galerijajaksic.com\/wp-content\/uploads\/2025\/11\/Kameni-pitari_Sutivan_Dina-Jaksic-Pavasovic10-50x50.jpg 50w, https:\/\/galerijajaksic.com\/wp-content\/uploads\/2025\/11\/Kameni-pitari_Sutivan_Dina-Jaksic-Pavasovic10-75x75.jpg 75w, https:\/\/galerijajaksic.com\/wp-content\/uploads\/2025\/11\/Kameni-pitari_Sutivan_Dina-Jaksic-Pavasovic10-85x85.jpg 85w, https:\/\/galerijajaksic.com\/wp-content\/uploads\/2025\/11\/Kameni-pitari_Sutivan_Dina-Jaksic-Pavasovic10-80x80.jpg 80w, https:\/\/galerijajaksic.com\/wp-content\/uploads\/2025\/11\/Kameni-pitari_Sutivan_Dina-Jaksic-Pavasovic10.jpg 1200w\" sizes=\"(max-width: 1024px) 100vw, 1024px\" \/><\/a>\n\t\t\t\t<\/dt><\/dl><dl class='gallery-item'>\n\t\t\t\t<dt class='gallery-icon landscape'>\n\t\t\t\t\t<a href='https:\/\/galerijajaksic.com\/wp-content\/uploads\/2025\/11\/Kameni-pitari_Sutivan_Dina-Jaksic-Pavasovic11.jpg'><img width=\"1024\" height=\"1024\" src=\"https:\/\/galerijajaksic.com\/wp-content\/uploads\/2025\/11\/Kameni-pitari_Sutivan_Dina-Jaksic-Pavasovic11-1024x1024.jpg\" class=\"attachment-large size-large\" alt=\"Detalj siluete morske alge u negativu urezane u kamenu posudu za cvije\u0107e.\" loading=\"lazy\" srcset=\"https:\/\/galerijajaksic.com\/wp-content\/uploads\/2025\/11\/Kameni-pitari_Sutivan_Dina-Jaksic-Pavasovic11-1024x1024.jpg 1024w, https:\/\/galerijajaksic.com\/wp-content\/uploads\/2025\/11\/Kameni-pitari_Sutivan_Dina-Jaksic-Pavasovic11-300x300.jpg 300w, https:\/\/galerijajaksic.com\/wp-content\/uploads\/2025\/11\/Kameni-pitari_Sutivan_Dina-Jaksic-Pavasovic11-150x150.jpg 150w, https:\/\/galerijajaksic.com\/wp-content\/uploads\/2025\/11\/Kameni-pitari_Sutivan_Dina-Jaksic-Pavasovic11-768x768.jpg 768w, https:\/\/galerijajaksic.com\/wp-content\/uploads\/2025\/11\/Kameni-pitari_Sutivan_Dina-Jaksic-Pavasovic11-146x146.jpg 146w, https:\/\/galerijajaksic.com\/wp-content\/uploads\/2025\/11\/Kameni-pitari_Sutivan_Dina-Jaksic-Pavasovic11-50x50.jpg 50w, https:\/\/galerijajaksic.com\/wp-content\/uploads\/2025\/11\/Kameni-pitari_Sutivan_Dina-Jaksic-Pavasovic11-75x75.jpg 75w, https:\/\/galerijajaksic.com\/wp-content\/uploads\/2025\/11\/Kameni-pitari_Sutivan_Dina-Jaksic-Pavasovic11-85x85.jpg 85w, https:\/\/galerijajaksic.com\/wp-content\/uploads\/2025\/11\/Kameni-pitari_Sutivan_Dina-Jaksic-Pavasovic11-80x80.jpg 80w, https:\/\/galerijajaksic.com\/wp-content\/uploads\/2025\/11\/Kameni-pitari_Sutivan_Dina-Jaksic-Pavasovic11.jpg 1196w\" sizes=\"(max-width: 1024px) 100vw, 1024px\" \/><\/a>\n\t\t\t\t<\/dt><\/dl><br style=\"clear: both\" \/>\n\t\t\t<\/div>\n\n<h3 data-start=\"177\" data-end=\"239\"><strong data-start=\"180\" data-end=\"239\">Stone Planters in Sutivan \u2013 Stories of the Sea in Stone<\/strong><\/h3>\n<p data-start=\"241\" data-end=\"573\">Along the Palm Avenue promenade in Sutivan, fifty stone planters have now been installed, fully formed and integrated into the new visual identity of the space.<br data-start=\"401\" data-end=\"404\" \/>Our <a href=\"https:\/\/klesarskaradionica-jaksic.hr\/en\"><strong>workshop<\/strong><\/a> is proud of the excellent collaboration with the Municipality of Sutivan and the FLAG of Bra\u010d Island, who made this demanding and valuable project possible.<\/p>\n<p data-start=\"575\" data-end=\"936\">The entire project was conceived and led by <strong data-start=\"619\" data-end=\"652\">Dr.art. <a href=\"https:\/\/galerijajaksic.com\/en\/dina-jaksic-pavasovic\/\">Dina Jak\u0161i\u0107 Pavasovi\u0107<\/a><\/strong>, in collaboration with visual communications designer Goran Pavasovi\u0107.<br data-start=\"727\" data-end=\"730\" \/>In addition, Dr.sc. Nika Ugrin, a marine biologist, took part in the project and contributed essential scientific expertise. Her authorship is visible in the texts engraved on the sides of each planter.<\/p>\n<p data-start=\"938\" data-end=\"1176\">These texts describe the fish species, their natural habitat, the algae they live among, and the traditional fishing tools once used to catch them.<br data-start=\"1085\" data-end=\"1088\" \/>Each planter represents a single species \u2014 50 planters, 50 fish of our Adriatic Sea.<\/p>\n<p data-start=\"1178\" data-end=\"1504\">All planters are made from Veselje white Bra\u010d <a href=\"https:\/\/galerijajaksic.com\/en\/kamen-i-od-kamena\/\"><strong>stone<\/strong><\/a>, known for its durability and brightness.<br data-start=\"1271\" data-end=\"1274\" \/>On the promenade they blend harmoniously with the palms, stone surroundings and Mediterranean light, and the users of the space \u2014 walkers, residents and visitors \u2014 have expressed great satisfaction with this artistic intervention.<\/p>\n<h3 data-start=\"1511\" data-end=\"1564\"><strong data-start=\"1514\" data-end=\"1564\">A visual story following the rhythm of the sea<\/strong><\/h3>\n<p data-start=\"1566\" data-end=\"1863\">The most prominent artistic element on the planters is the alga, whose negative silhouette stretches across the entire surface of each planter.<br data-start=\"1713\" data-end=\"1716\" \/>Carved as a rhythmic and airy structure, it creates the impression of a \u201cstone lace\u201d that visually connects all pieces into a single unified story.<\/p>\n<p data-start=\"1865\" data-end=\"2092\">The alga was chosen as the central motif because it links two worlds:<br data-start=\"1938\" data-end=\"1941\" \/>the land plants growing inside the planters and the marine plants carved into the stone below, giving the entire form a symbolic sense of completeness.<\/p>\n<p data-start=\"2094\" data-end=\"2281\">All planters share a common feature \u2014 the upper sea-line, which moves in a wave-like rhythm along their top edge and emphasises the feeling of travelling through different sea depths.<\/p>\n<p data-start=\"2283\" data-end=\"2818\">At the start of the promenade, the motif of the shallow zone prevails.<br data-start=\"2357\" data-end=\"2360\" \/>These planters are low, wide and shaped with a soft wave on top, featuring fish and algae typical of coastal shallows.<br data-start=\"2478\" data-end=\"2481\" \/>As the promenade advances toward the open sea, the planters also shift \u2014 they become taller, slimmer and more dynamic.<br data-start=\"2599\" data-end=\"2602\" \/>At the far end, in the open-sea zone, the planters are high and slender, with a strong, expressive wave-line.<br data-start=\"2715\" data-end=\"2718\" \/>They depict fish of the deeper waters and algae species belonging to darker, deeper marine habitats.<\/p>\n<p data-start=\"2820\" data-end=\"3199\">One planter differs entirely from the rest.<br data-start=\"2863\" data-end=\"2866\" \/>Located at the very beginning of the promenade, rectangular and without a wave-line, it represents the geological site of rudists near Livka beach \u2014 fossilised shell-bearing organisms marking the transition from the age of dinosaurs to the age of mammals.<br data-start=\"3125\" data-end=\"3128\" \/>This significant piece of natural heritage is displayed on its surface.<\/p>\n<h3 data-start=\"3206\" data-end=\"3237\">Stone that tells stories<\/h3>\n<p data-start=\"3239\" data-end=\"3440\">The project was funded by the European Maritime and Fisheries Fund 2014\u20132020 through the FLAG of Bra\u010d Island.<br data-start=\"3352\" data-end=\"3355\" \/>The result is a public space that unites design, science and cultural heritage.<\/p>\n<p data-start=\"3442\" data-end=\"3654\">On Palm Avenue, between the shade of tall palms and the sound of the sea, these planters now live their full life \u2014 as functional elements, as visual art, and as lasting stories of the Adriatic carved into stone.<\/p>\n","protected":false},"excerpt":{"rendered":"<p>Stone Planters in Sutivan \u2013 Stories of the Sea in Stone Along the Palm Avenue promenade in Sutivan, fifty stone planters have now been installed, fully<span class=\"excerpt-hellip\"> [\u2026]<\/span><\/p>\n","protected":false},"author":1,"featured_media":4095,"comment_status":"closed","ping_status":"closed","sticky":false,"template":"","format":"standard","meta":[],"categories":[48,49,51],"tags":[],"_links":{"self":[{"href":"https:\/\/galerijajaksic.com\/en\/wp-json\/wp\/v2\/posts\/4077"}],"collection":[{"href":"https:\/\/galerijajaksic.com\/en\/wp-json\/wp\/v2\/posts"}],"about":[{"href":"https:\/\/galerijajaksic.com\/en\/wp-json\/wp\/v2\/types\/post"}],"author":[{"embeddable":true,"href":"https:\/\/galerijajaksic.com\/en\/wp-json\/wp\/v2\/users\/1"}],"replies":[{"embeddable":true,"href":"https:\/\/galerijajaksic.com\/en\/wp-json\/wp\/v2\/comments?post=4077"}],"version-history":[{"count":1,"href":"https:\/\/galerijajaksic.com\/en\/wp-json\/wp\/v2\/posts\/4077\/revisions"}],"predecessor-version":[{"id":4097,"href":"https:\/\/galerijajaksic.com\/en\/wp-json\/wp\/v2\/posts\/4077\/revisions\/4097"}],"wp:featuredmedia":[{"embeddable":true,"href":"https:\/\/galerijajaksic.com\/en\/wp-json\/wp\/v2\/media\/4095"}],"wp:attachment":[{"href":"https:\/\/galerijajaksic.com\/en\/wp-json\/wp\/v2\/media?parent=4077"}],"wp:term":[{"taxonomy":"category","embeddable":true,"href":"https:\/\/galerijajaksic.com\/en\/wp-json\/wp\/v2\/categories?post=4077"},{"taxonomy":"post_tag","embeddable":true,"href":"https:\/\/galerijajaksic.com\/en\/wp-json\/wp\/v2\/tags?post=4077"}],"curies":[{"name":"wp","href":"https:\/\/api.w.org\/{rel}","templated":true}]}}