{"id":4279,"date":"2024-09-23T10:20:33","date_gmt":"2024-09-23T10:20:33","guid":{"rendered":"https:\/\/galerijajaksic.com\/?p=4279"},"modified":"2026-01-20T10:21:53","modified_gmt":"2026-01-20T10:21:53","slug":"stone-workshop-for-children","status":"publish","type":"post","link":"https:\/\/galerijajaksic.com\/en\/stone-workshop-for-children\/","title":{"rendered":"Stone Workshop for Children"},"content":{"rendered":"\n\t\t\t<style type='text\/css'>\n\t\t\t\t#sc_gallery-1 {\n\t\t\t\t\tmargin: auto;\n\t\t\t\t}\n\t\t\t\t#sc_gallery-1 .gallery-item {\n\t\t\t\t\tfloat: left;\n\t\t\t\t\tmargin-top: 10px;\n\t\t\t\t\ttext-align: center;\n\t\t\t\t\twidth: 33.33%;\n\t\t\t\t}\n\t\t\t\t#sc_gallery-1 img {\n\t\t\t\t\tborder: 2px solid #cfcfcf;\n\t\t\t\t}\n\t\t\t\t#sc_gallery-1 .gallery-caption {\n\t\t\t\t\tmargin-left: 0;\n\t\t\t\t}\n\t\t\t\t\/* see sc_gallery() in functions\/theme-shortcodes.php *\/\n\t\t\t<\/style>\n\t\t<div id='sc_gallery-1' class='gallery galleryid-4279 gallery-columns-3 gallery-size-full file'><dl class='gallery-item'>\n\t\t\t\t<dt class='gallery-icon landscape'>\n\t\t\t\t\t<a href='https:\/\/galerijajaksic.com\/wp-content\/uploads\/2026\/01\/radionica-za-djecu_jaksic-galerija4.jpg'><img width=\"1080\" height=\"1080\" src=\"https:\/\/galerijajaksic.com\/wp-content\/uploads\/2026\/01\/radionica-za-djecu_jaksic-galerija4.jpg\" class=\"attachment-full size-full\" alt=\"Radionica kamena za djecu kao primjer odr\u017eivog razvoja na Bra\u010du\" loading=\"lazy\" srcset=\"https:\/\/galerijajaksic.com\/wp-content\/uploads\/2026\/01\/radionica-za-djecu_jaksic-galerija4.jpg 1080w, https:\/\/galerijajaksic.com\/wp-content\/uploads\/2026\/01\/radionica-za-djecu_jaksic-galerija4-300x300.jpg 300w, https:\/\/galerijajaksic.com\/wp-content\/uploads\/2026\/01\/radionica-za-djecu_jaksic-galerija4-1024x1024.jpg 1024w, https:\/\/galerijajaksic.com\/wp-content\/uploads\/2026\/01\/radionica-za-djecu_jaksic-galerija4-150x150.jpg 150w, https:\/\/galerijajaksic.com\/wp-content\/uploads\/2026\/01\/radionica-za-djecu_jaksic-galerija4-768x768.jpg 768w, https:\/\/galerijajaksic.com\/wp-content\/uploads\/2026\/01\/radionica-za-djecu_jaksic-galerija4-146x146.jpg 146w, https:\/\/galerijajaksic.com\/wp-content\/uploads\/2026\/01\/radionica-za-djecu_jaksic-galerija4-50x50.jpg 50w, https:\/\/galerijajaksic.com\/wp-content\/uploads\/2026\/01\/radionica-za-djecu_jaksic-galerija4-75x75.jpg 75w, https:\/\/galerijajaksic.com\/wp-content\/uploads\/2026\/01\/radionica-za-djecu_jaksic-galerija4-85x85.jpg 85w, https:\/\/galerijajaksic.com\/wp-content\/uploads\/2026\/01\/radionica-za-djecu_jaksic-galerija4-80x80.jpg 80w\" sizes=\"(max-width: 1080px) 100vw, 1080px\" \/><\/a>\n\t\t\t\t<\/dt><\/dl><dl class='gallery-item'>\n\t\t\t\t<dt class='gallery-icon landscape'>\n\t\t\t\t\t<a href='https:\/\/galerijajaksic.com\/wp-content\/uploads\/2026\/01\/radionica-za-djecu_jaksic-galerija5.jpg'><img width=\"1365\" height=\"1365\" src=\"https:\/\/galerijajaksic.com\/wp-content\/uploads\/2026\/01\/radionica-za-djecu_jaksic-galerija5.jpg\" class=\"attachment-full size-full\" alt=\"Djeca rade s bijelim bra\u010dkim kamenom na For-Flag festivalu\" loading=\"lazy\" srcset=\"https:\/\/galerijajaksic.com\/wp-content\/uploads\/2026\/01\/radionica-za-djecu_jaksic-galerija5.jpg 1365w, https:\/\/galerijajaksic.com\/wp-content\/uploads\/2026\/01\/radionica-za-djecu_jaksic-galerija5-300x300.jpg 300w, https:\/\/galerijajaksic.com\/wp-content\/uploads\/2026\/01\/radionica-za-djecu_jaksic-galerija5-1024x1024.jpg 1024w, https:\/\/galerijajaksic.com\/wp-content\/uploads\/2026\/01\/radionica-za-djecu_jaksic-galerija5-150x150.jpg 150w, https:\/\/galerijajaksic.com\/wp-content\/uploads\/2026\/01\/radionica-za-djecu_jaksic-galerija5-768x768.jpg 768w, https:\/\/galerijajaksic.com\/wp-content\/uploads\/2026\/01\/radionica-za-djecu_jaksic-galerija5-146x146.jpg 146w, https:\/\/galerijajaksic.com\/wp-content\/uploads\/2026\/01\/radionica-za-djecu_jaksic-galerija5-50x50.jpg 50w, https:\/\/galerijajaksic.com\/wp-content\/uploads\/2026\/01\/radionica-za-djecu_jaksic-galerija5-75x75.jpg 75w, https:\/\/galerijajaksic.com\/wp-content\/uploads\/2026\/01\/radionica-za-djecu_jaksic-galerija5-85x85.jpg 85w, https:\/\/galerijajaksic.com\/wp-content\/uploads\/2026\/01\/radionica-za-djecu_jaksic-galerija5-80x80.jpg 80w\" sizes=\"(max-width: 1365px) 100vw, 1365px\" \/><\/a>\n\t\t\t\t<\/dt><\/dl><dl class='gallery-item'>\n\t\t\t\t<dt class='gallery-icon landscape'>\n\t\t\t\t\t<a href='https:\/\/galerijajaksic.com\/wp-content\/uploads\/2026\/01\/radionica-za-djecu_jaksic-galerija6.jpg'><img width=\"1365\" height=\"1365\" src=\"https:\/\/galerijajaksic.com\/wp-content\/uploads\/2026\/01\/radionica-za-djecu_jaksic-galerija6.jpg\" class=\"attachment-full size-full\" alt=\"Djeca izra\u0111uju vlastite oblike u bijelom bra\u010dkom kamenu\" loading=\"lazy\" srcset=\"https:\/\/galerijajaksic.com\/wp-content\/uploads\/2026\/01\/radionica-za-djecu_jaksic-galerija6.jpg 1365w, https:\/\/galerijajaksic.com\/wp-content\/uploads\/2026\/01\/radionica-za-djecu_jaksic-galerija6-300x300.jpg 300w, https:\/\/galerijajaksic.com\/wp-content\/uploads\/2026\/01\/radionica-za-djecu_jaksic-galerija6-1024x1024.jpg 1024w, https:\/\/galerijajaksic.com\/wp-content\/uploads\/2026\/01\/radionica-za-djecu_jaksic-galerija6-150x150.jpg 150w, https:\/\/galerijajaksic.com\/wp-content\/uploads\/2026\/01\/radionica-za-djecu_jaksic-galerija6-768x768.jpg 768w, https:\/\/galerijajaksic.com\/wp-content\/uploads\/2026\/01\/radionica-za-djecu_jaksic-galerija6-146x146.jpg 146w, https:\/\/galerijajaksic.com\/wp-content\/uploads\/2026\/01\/radionica-za-djecu_jaksic-galerija6-50x50.jpg 50w, https:\/\/galerijajaksic.com\/wp-content\/uploads\/2026\/01\/radionica-za-djecu_jaksic-galerija6-75x75.jpg 75w, https:\/\/galerijajaksic.com\/wp-content\/uploads\/2026\/01\/radionica-za-djecu_jaksic-galerija6-85x85.jpg 85w, https:\/\/galerijajaksic.com\/wp-content\/uploads\/2026\/01\/radionica-za-djecu_jaksic-galerija6-80x80.jpg 80w\" sizes=\"(max-width: 1365px) 100vw, 1365px\" \/><\/a>\n\t\t\t\t<\/dt><\/dl><br style=\"clear: both\" \/><dl class='gallery-item'>\n\t\t\t\t<dt class='gallery-icon landscape'>\n\t\t\t\t\t<a href='https:\/\/galerijajaksic.com\/wp-content\/uploads\/2026\/01\/radionica-za-djecu_jaksic-galerija2.jpg'><img width=\"1353\" height=\"1353\" src=\"https:\/\/galerijajaksic.com\/wp-content\/uploads\/2026\/01\/radionica-za-djecu_jaksic-galerija2.jpg\" class=\"attachment-full size-full\" alt=\"Upoznavanje djece s obradom kamena i klesarskim alatima\" loading=\"lazy\" srcset=\"https:\/\/galerijajaksic.com\/wp-content\/uploads\/2026\/01\/radionica-za-djecu_jaksic-galerija2.jpg 1353w, https:\/\/galerijajaksic.com\/wp-content\/uploads\/2026\/01\/radionica-za-djecu_jaksic-galerija2-300x300.jpg 300w, https:\/\/galerijajaksic.com\/wp-content\/uploads\/2026\/01\/radionica-za-djecu_jaksic-galerija2-1024x1024.jpg 1024w, https:\/\/galerijajaksic.com\/wp-content\/uploads\/2026\/01\/radionica-za-djecu_jaksic-galerija2-150x150.jpg 150w, https:\/\/galerijajaksic.com\/wp-content\/uploads\/2026\/01\/radionica-za-djecu_jaksic-galerija2-768x768.jpg 768w, https:\/\/galerijajaksic.com\/wp-content\/uploads\/2026\/01\/radionica-za-djecu_jaksic-galerija2-146x146.jpg 146w, https:\/\/galerijajaksic.com\/wp-content\/uploads\/2026\/01\/radionica-za-djecu_jaksic-galerija2-50x50.jpg 50w, https:\/\/galerijajaksic.com\/wp-content\/uploads\/2026\/01\/radionica-za-djecu_jaksic-galerija2-75x75.jpg 75w, https:\/\/galerijajaksic.com\/wp-content\/uploads\/2026\/01\/radionica-za-djecu_jaksic-galerija2-85x85.jpg 85w, https:\/\/galerijajaksic.com\/wp-content\/uploads\/2026\/01\/radionica-za-djecu_jaksic-galerija2-80x80.jpg 80w\" sizes=\"(max-width: 1353px) 100vw, 1353px\" \/><\/a>\n\t\t\t\t<\/dt><\/dl><dl class='gallery-item'>\n\t\t\t\t<dt class='gallery-icon landscape'>\n\t\t\t\t\t<a href='https:\/\/galerijajaksic.com\/wp-content\/uploads\/2026\/01\/radionica-za-djecu_jaksic-galerija1.jpg'><img width=\"1365\" height=\"1365\" src=\"https:\/\/galerijajaksic.com\/wp-content\/uploads\/2026\/01\/radionica-za-djecu_jaksic-galerija1.jpg\" class=\"attachment-full size-full\" alt=\"Rezanje i bu\u0161enje kamena na edukativnoj radionici za djecu\" loading=\"lazy\" srcset=\"https:\/\/galerijajaksic.com\/wp-content\/uploads\/2026\/01\/radionica-za-djecu_jaksic-galerija1.jpg 1365w, https:\/\/galerijajaksic.com\/wp-content\/uploads\/2026\/01\/radionica-za-djecu_jaksic-galerija1-300x300.jpg 300w, https:\/\/galerijajaksic.com\/wp-content\/uploads\/2026\/01\/radionica-za-djecu_jaksic-galerija1-1024x1024.jpg 1024w, https:\/\/galerijajaksic.com\/wp-content\/uploads\/2026\/01\/radionica-za-djecu_jaksic-galerija1-150x150.jpg 150w, https:\/\/galerijajaksic.com\/wp-content\/uploads\/2026\/01\/radionica-za-djecu_jaksic-galerija1-768x768.jpg 768w, https:\/\/galerijajaksic.com\/wp-content\/uploads\/2026\/01\/radionica-za-djecu_jaksic-galerija1-146x146.jpg 146w, https:\/\/galerijajaksic.com\/wp-content\/uploads\/2026\/01\/radionica-za-djecu_jaksic-galerija1-50x50.jpg 50w, https:\/\/galerijajaksic.com\/wp-content\/uploads\/2026\/01\/radionica-za-djecu_jaksic-galerija1-75x75.jpg 75w, https:\/\/galerijajaksic.com\/wp-content\/uploads\/2026\/01\/radionica-za-djecu_jaksic-galerija1-85x85.jpg 85w, https:\/\/galerijajaksic.com\/wp-content\/uploads\/2026\/01\/radionica-za-djecu_jaksic-galerija1-80x80.jpg 80w\" sizes=\"(max-width: 1365px) 100vw, 1365px\" \/><\/a>\n\t\t\t\t<\/dt><\/dl><dl class='gallery-item'>\n\t\t\t\t<dt class='gallery-icon landscape'>\n\t\t\t\t\t<a href='https:\/\/galerijajaksic.com\/wp-content\/uploads\/2026\/01\/radionica-za-djecu_jaksic-galerija3-scaled.jpg'><img width=\"2560\" height=\"2560\" src=\"https:\/\/galerijajaksic.com\/wp-content\/uploads\/2026\/01\/radionica-za-djecu_jaksic-galerija3-scaled.jpg\" class=\"attachment-full size-full\" alt=\"Radionica obrade kamena za djecu u organizaciji Jak\u0161i\u0107 galerije\" loading=\"lazy\" srcset=\"https:\/\/galerijajaksic.com\/wp-content\/uploads\/2026\/01\/radionica-za-djecu_jaksic-galerija3-scaled.jpg 2560w, https:\/\/galerijajaksic.com\/wp-content\/uploads\/2026\/01\/radionica-za-djecu_jaksic-galerija3-300x300.jpg 300w, https:\/\/galerijajaksic.com\/wp-content\/uploads\/2026\/01\/radionica-za-djecu_jaksic-galerija3-1024x1024.jpg 1024w, https:\/\/galerijajaksic.com\/wp-content\/uploads\/2026\/01\/radionica-za-djecu_jaksic-galerija3-150x150.jpg 150w, https:\/\/galerijajaksic.com\/wp-content\/uploads\/2026\/01\/radionica-za-djecu_jaksic-galerija3-768x768.jpg 768w, https:\/\/galerijajaksic.com\/wp-content\/uploads\/2026\/01\/radionica-za-djecu_jaksic-galerija3-1536x1536.jpg 1536w, https:\/\/galerijajaksic.com\/wp-content\/uploads\/2026\/01\/radionica-za-djecu_jaksic-galerija3-2048x2048.jpg 2048w, https:\/\/galerijajaksic.com\/wp-content\/uploads\/2026\/01\/radionica-za-djecu_jaksic-galerija3-146x146.jpg 146w, https:\/\/galerijajaksic.com\/wp-content\/uploads\/2026\/01\/radionica-za-djecu_jaksic-galerija3-50x50.jpg 50w, https:\/\/galerijajaksic.com\/wp-content\/uploads\/2026\/01\/radionica-za-djecu_jaksic-galerija3-75x75.jpg 75w, https:\/\/galerijajaksic.com\/wp-content\/uploads\/2026\/01\/radionica-za-djecu_jaksic-galerija3-85x85.jpg 85w, https:\/\/galerijajaksic.com\/wp-content\/uploads\/2026\/01\/radionica-za-djecu_jaksic-galerija3-80x80.jpg 80w\" sizes=\"(max-width: 2560px) 100vw, 2560px\" \/><\/a>\n\t\t\t\t<\/dt><\/dl><br style=\"clear: both\" \/>\n\t\t\t<\/div>\n\n<div>\n<h3 data-start=\"0\" data-end=\"64\"><strong data-start=\"0\" data-end=\"64\">Stone Workshop for Children at the For-Flag Festival on Bra\u010d<\/strong><\/h3>\n<p data-start=\"66\" data-end=\"577\">As part of the For-Flag Festival, Jak\u0161i\u0107 Gallery organised a workshop for children dedicated to stone and stone working. The workshop was led by our designer <a href=\"https:\/\/galerijajaksic.com\/en\/ida-stipcic-jaksic\/\"><strong>Ida Stip\u010di\u0107 Jak\u0161i\u0107<\/strong><\/a>, our painter Dina Jak\u0161i\u0107 Pavasovi\u0107, and Frances Tomi\u010di\u0107. The aim of the workshop was to introduce children to a material that surrounds them in everyday life and holds a special place in the identity of the island of Bra\u010d. Stone is one of its most important resources. And a foundation of its history, architecture, and local culture.<\/p>\n<p data-start=\"579\" data-end=\"1057\">The children had the opportunity to get to know white Bra\u010d stone through direct contact and hands-on work. They explored its structure, weight, and surface. They felt the difference between raw stone and a finished form. Such contact with the material helps develop an understanding of the space in which they live. And it strengthens awareness of the value of local resources. Through touch, the sound of tools, and mechanical processing, stone becomes familiar and accessible.<\/p>\n<p data-start=\"1059\" data-end=\"1423\">Each child received a slab of white Bra\u010d stone on which they drew their own motif. With professional guidance, the idea was then transferred into stone. The form was shaped using a small stone-processing machine adapted for work with children. The children actively participated in all stages of the process. From the first sketch. To the final form and finishing.<\/p>\n<p data-start=\"1425\" data-end=\"1775\">At the fair, we presented a stone-cutting machine, a stone-drilling machine, and various hand tools for grinding and finishing stone. The children were introduced to the complete stone-working process. They understood how much precision, patience, and care each step requires. Such experience encourages respect for work. And for the material itself.<\/p>\n<p data-start=\"1777\" data-end=\"2191\">The For-Flag Festival is held every year with the aim of promoting sustainable development. The festival presents valuable development projects from the island of Bra\u010d to the local community. These include projects organised or financed by FLAG. As well as local producers developing high-quality and innovative products. Special emphasis is placed on the sustainable use of local resources, knowledge, and skills.<\/p>\n<p data-start=\"2193\" data-end=\"3024\">This was not the first time that Jak\u0161i\u0107 Gallery and our <a href=\"https:\/\/klesarskaradionica-jaksic.hr\/en\"><strong>workshop<\/strong><\/a> participated in this important event. Over the years, we have been involved in different ways. In the first year, our painter <a href=\"https:\/\/galerijajaksic.com\/en\/dina-jaksic-pavasovic\/\"><strong>Dina Jak\u0161i\u0107 Pavasovi\u0107<\/strong><\/a> was invited as a guest to a round-table discussion on examples of good practice. The following year, the entire gallery participated as an exhibitor and an example of good practice. The year after that, we were presented as authors of a project financed by FLAG. Among the presented projects were stone planters made for the Municipality of Sutivan, designed by our painter, and a monument to the Bra\u010d innovator Mario Purati\u0107, created by our sculptor Lovre Jak\u0161i\u0107. Continuous participation confirms our strong connection to the local community and our long-term commitment to the sustainable development of the island.<\/p>\n<p data-start=\"3026\" data-end=\"3355\">Through workshops, projects, and public participation, Jak\u0161i\u0107 Gallery actively transfers knowledge about stone and its processing. Especially to younger generations. Such programmes connect tradition with a contemporary approach. And they create the foundations for a responsible relationship with material, space, and community.<\/p>\n<p data-start=\"3357\" data-end=\"3539\" data-is-last-node=\"\" data-is-only-node=\"\">The stone workshop for children is not just education. It is an investment in the future. And an example of how local heritage can be passed on in a sustainable and contemporary way.<\/p>\n<\/div>\n","protected":false},"excerpt":{"rendered":"<p>Stone Workshop for Children at the For-Flag Festival on Bra\u010d As part of the For-Flag Festival, Jak\u0161i\u0107 Gallery organised a workshop for children dedicated to stone<span class=\"excerpt-hellip\"> [\u2026]<\/span><\/p>\n","protected":false},"author":1,"featured_media":4285,"comment_status":"closed","ping_status":"closed","sticky":false,"template":"","format":"standard","meta":[],"categories":[48,49,50,51],"tags":[],"_links":{"self":[{"href":"https:\/\/galerijajaksic.com\/en\/wp-json\/wp\/v2\/posts\/4279"}],"collection":[{"href":"https:\/\/galerijajaksic.com\/en\/wp-json\/wp\/v2\/posts"}],"about":[{"href":"https:\/\/galerijajaksic.com\/en\/wp-json\/wp\/v2\/types\/post"}],"author":[{"embeddable":true,"href":"https:\/\/galerijajaksic.com\/en\/wp-json\/wp\/v2\/users\/1"}],"replies":[{"embeddable":true,"href":"https:\/\/galerijajaksic.com\/en\/wp-json\/wp\/v2\/comments?post=4279"}],"version-history":[{"count":2,"href":"https:\/\/galerijajaksic.com\/en\/wp-json\/wp\/v2\/posts\/4279\/revisions"}],"predecessor-version":[{"id":4296,"href":"https:\/\/galerijajaksic.com\/en\/wp-json\/wp\/v2\/posts\/4279\/revisions\/4296"}],"wp:featuredmedia":[{"embeddable":true,"href":"https:\/\/galerijajaksic.com\/en\/wp-json\/wp\/v2\/media\/4285"}],"wp:attachment":[{"href":"https:\/\/galerijajaksic.com\/en\/wp-json\/wp\/v2\/media?parent=4279"}],"wp:term":[{"taxonomy":"category","embeddable":true,"href":"https:\/\/galerijajaksic.com\/en\/wp-json\/wp\/v2\/categories?post=4279"},{"taxonomy":"post_tag","embeddable":true,"href":"https:\/\/galerijajaksic.com\/en\/wp-json\/wp\/v2\/tags?post=4279"}],"curies":[{"name":"wp","href":"https:\/\/api.w.org\/{rel}","templated":true}]}}