{"id":4412,"date":"2025-03-03T13:53:48","date_gmt":"2025-03-03T13:53:48","guid":{"rendered":"https:\/\/galerijajaksic.com\/?p=4412"},"modified":"2026-02-03T13:56:10","modified_gmt":"2026-02-03T13:56:10","slug":"cathedral-sculpture-of-sacred-silence","status":"publish","type":"post","link":"https:\/\/galerijajaksic.com\/en\/cathedral-sculpture-of-sacred-silence\/","title":{"rendered":"Cathedral \u2013 sculpture of sacred silence"},"content":{"rendered":"\n\t\t\t<style type='text\/css'>\n\t\t\t\t#sc_gallery-1 {\n\t\t\t\t\tmargin: auto;\n\t\t\t\t}\n\t\t\t\t#sc_gallery-1 .gallery-item {\n\t\t\t\t\tfloat: left;\n\t\t\t\t\tmargin-top: 10px;\n\t\t\t\t\ttext-align: center;\n\t\t\t\t\twidth: 33.33%;\n\t\t\t\t}\n\t\t\t\t#sc_gallery-1 img {\n\t\t\t\t\tborder: 2px solid #cfcfcf;\n\t\t\t\t}\n\t\t\t\t#sc_gallery-1 .gallery-caption {\n\t\t\t\t\tmargin-left: 0;\n\t\t\t\t}\n\t\t\t\t\/* see sc_gallery() in functions\/theme-shortcodes.php *\/\n\t\t\t<\/style>\n\t\t<div id='sc_gallery-1' class='gallery galleryid-4412 gallery-columns-3 gallery-size-full file'><dl class='gallery-item'>\n\t\t\t\t<dt class='gallery-icon landscape'>\n\t\t\t\t\t<a href='https:\/\/galerijajaksic.com\/wp-content\/uploads\/2026\/02\/Lovre-Jaksic_skulptura-katedrale_bijeli-bracki-kamen4.jpg'><img width=\"1200\" height=\"1200\" src=\"https:\/\/galerijajaksic.com\/wp-content\/uploads\/2026\/02\/Lovre-Jaksic_skulptura-katedrale_bijeli-bracki-kamen4.jpg\" class=\"attachment-full size-full\" alt=\"Moderna skulptura katedrale od bijelog bra\u010dkog kamena \u2013 prednji pogled\" loading=\"lazy\" srcset=\"https:\/\/galerijajaksic.com\/wp-content\/uploads\/2026\/02\/Lovre-Jaksic_skulptura-katedrale_bijeli-bracki-kamen4.jpg 1200w, https:\/\/galerijajaksic.com\/wp-content\/uploads\/2026\/02\/Lovre-Jaksic_skulptura-katedrale_bijeli-bracki-kamen4-300x300.jpg 300w, https:\/\/galerijajaksic.com\/wp-content\/uploads\/2026\/02\/Lovre-Jaksic_skulptura-katedrale_bijeli-bracki-kamen4-1024x1024.jpg 1024w, https:\/\/galerijajaksic.com\/wp-content\/uploads\/2026\/02\/Lovre-Jaksic_skulptura-katedrale_bijeli-bracki-kamen4-150x150.jpg 150w, https:\/\/galerijajaksic.com\/wp-content\/uploads\/2026\/02\/Lovre-Jaksic_skulptura-katedrale_bijeli-bracki-kamen4-768x768.jpg 768w, https:\/\/galerijajaksic.com\/wp-content\/uploads\/2026\/02\/Lovre-Jaksic_skulptura-katedrale_bijeli-bracki-kamen4-146x146.jpg 146w, https:\/\/galerijajaksic.com\/wp-content\/uploads\/2026\/02\/Lovre-Jaksic_skulptura-katedrale_bijeli-bracki-kamen4-50x50.jpg 50w, https:\/\/galerijajaksic.com\/wp-content\/uploads\/2026\/02\/Lovre-Jaksic_skulptura-katedrale_bijeli-bracki-kamen4-75x75.jpg 75w, https:\/\/galerijajaksic.com\/wp-content\/uploads\/2026\/02\/Lovre-Jaksic_skulptura-katedrale_bijeli-bracki-kamen4-85x85.jpg 85w, https:\/\/galerijajaksic.com\/wp-content\/uploads\/2026\/02\/Lovre-Jaksic_skulptura-katedrale_bijeli-bracki-kamen4-80x80.jpg 80w\" sizes=\"(max-width: 1200px) 100vw, 1200px\" \/><\/a>\n\t\t\t\t<\/dt><\/dl><dl class='gallery-item'>\n\t\t\t\t<dt class='gallery-icon landscape'>\n\t\t\t\t\t<a href='https:\/\/galerijajaksic.com\/wp-content\/uploads\/2026\/02\/Lovre-Jaksic_skulptura-katedrale_bijeli-bracki-kamen5.jpg'><img width=\"1200\" height=\"1200\" src=\"https:\/\/galerijajaksic.com\/wp-content\/uploads\/2026\/02\/Lovre-Jaksic_skulptura-katedrale_bijeli-bracki-kamen5.jpg\" class=\"attachment-full size-full\" alt=\"Kamena katedrala \u2013 suvremena sakralna skulptura Lovre Jak\u0161i\u0107a\" loading=\"lazy\" srcset=\"https:\/\/galerijajaksic.com\/wp-content\/uploads\/2026\/02\/Lovre-Jaksic_skulptura-katedrale_bijeli-bracki-kamen5.jpg 1200w, https:\/\/galerijajaksic.com\/wp-content\/uploads\/2026\/02\/Lovre-Jaksic_skulptura-katedrale_bijeli-bracki-kamen5-300x300.jpg 300w, https:\/\/galerijajaksic.com\/wp-content\/uploads\/2026\/02\/Lovre-Jaksic_skulptura-katedrale_bijeli-bracki-kamen5-1024x1024.jpg 1024w, https:\/\/galerijajaksic.com\/wp-content\/uploads\/2026\/02\/Lovre-Jaksic_skulptura-katedrale_bijeli-bracki-kamen5-150x150.jpg 150w, https:\/\/galerijajaksic.com\/wp-content\/uploads\/2026\/02\/Lovre-Jaksic_skulptura-katedrale_bijeli-bracki-kamen5-768x768.jpg 768w, https:\/\/galerijajaksic.com\/wp-content\/uploads\/2026\/02\/Lovre-Jaksic_skulptura-katedrale_bijeli-bracki-kamen5-146x146.jpg 146w, https:\/\/galerijajaksic.com\/wp-content\/uploads\/2026\/02\/Lovre-Jaksic_skulptura-katedrale_bijeli-bracki-kamen5-50x50.jpg 50w, https:\/\/galerijajaksic.com\/wp-content\/uploads\/2026\/02\/Lovre-Jaksic_skulptura-katedrale_bijeli-bracki-kamen5-75x75.jpg 75w, https:\/\/galerijajaksic.com\/wp-content\/uploads\/2026\/02\/Lovre-Jaksic_skulptura-katedrale_bijeli-bracki-kamen5-85x85.jpg 85w, https:\/\/galerijajaksic.com\/wp-content\/uploads\/2026\/02\/Lovre-Jaksic_skulptura-katedrale_bijeli-bracki-kamen5-80x80.jpg 80w\" sizes=\"(max-width: 1200px) 100vw, 1200px\" \/><\/a>\n\t\t\t\t<\/dt><\/dl><dl class='gallery-item'>\n\t\t\t\t<dt class='gallery-icon landscape'>\n\t\t\t\t\t<a href='https:\/\/galerijajaksic.com\/wp-content\/uploads\/2026\/02\/Lovre-Jaksic_skulptura-katedrale_bijeli-bracki-kamen7.jpg'><img width=\"1200\" height=\"1200\" src=\"https:\/\/galerijajaksic.com\/wp-content\/uploads\/2026\/02\/Lovre-Jaksic_skulptura-katedrale_bijeli-bracki-kamen7.jpg\" class=\"attachment-full size-full\" alt=\"Suvremena sakralna skulptura od kamena iz Jak\u0161i\u0107 galerije\" loading=\"lazy\" srcset=\"https:\/\/galerijajaksic.com\/wp-content\/uploads\/2026\/02\/Lovre-Jaksic_skulptura-katedrale_bijeli-bracki-kamen7.jpg 1200w, https:\/\/galerijajaksic.com\/wp-content\/uploads\/2026\/02\/Lovre-Jaksic_skulptura-katedrale_bijeli-bracki-kamen7-300x300.jpg 300w, https:\/\/galerijajaksic.com\/wp-content\/uploads\/2026\/02\/Lovre-Jaksic_skulptura-katedrale_bijeli-bracki-kamen7-1024x1024.jpg 1024w, https:\/\/galerijajaksic.com\/wp-content\/uploads\/2026\/02\/Lovre-Jaksic_skulptura-katedrale_bijeli-bracki-kamen7-150x150.jpg 150w, https:\/\/galerijajaksic.com\/wp-content\/uploads\/2026\/02\/Lovre-Jaksic_skulptura-katedrale_bijeli-bracki-kamen7-768x768.jpg 768w, https:\/\/galerijajaksic.com\/wp-content\/uploads\/2026\/02\/Lovre-Jaksic_skulptura-katedrale_bijeli-bracki-kamen7-146x146.jpg 146w, https:\/\/galerijajaksic.com\/wp-content\/uploads\/2026\/02\/Lovre-Jaksic_skulptura-katedrale_bijeli-bracki-kamen7-50x50.jpg 50w, https:\/\/galerijajaksic.com\/wp-content\/uploads\/2026\/02\/Lovre-Jaksic_skulptura-katedrale_bijeli-bracki-kamen7-75x75.jpg 75w, https:\/\/galerijajaksic.com\/wp-content\/uploads\/2026\/02\/Lovre-Jaksic_skulptura-katedrale_bijeli-bracki-kamen7-85x85.jpg 85w, https:\/\/galerijajaksic.com\/wp-content\/uploads\/2026\/02\/Lovre-Jaksic_skulptura-katedrale_bijeli-bracki-kamen7-80x80.jpg 80w\" sizes=\"(max-width: 1200px) 100vw, 1200px\" \/><\/a>\n\t\t\t\t<\/dt><\/dl><br style=\"clear: both\" \/><dl class='gallery-item'>\n\t\t\t\t<dt class='gallery-icon landscape'>\n\t\t\t\t\t<a href='https:\/\/galerijajaksic.com\/wp-content\/uploads\/2026\/02\/Lovre-Jaksic_skulptura-katedrale_bijeli-bracki-kamen2.jpg'><img width=\"1200\" height=\"1200\" src=\"https:\/\/galerijajaksic.com\/wp-content\/uploads\/2026\/02\/Lovre-Jaksic_skulptura-katedrale_bijeli-bracki-kamen2.jpg\" class=\"attachment-full size-full\" alt=\"Kamena katedrala \u2013 suvremena sakralna skulptura Lovre Jak\u0161i\u0107a\" loading=\"lazy\" srcset=\"https:\/\/galerijajaksic.com\/wp-content\/uploads\/2026\/02\/Lovre-Jaksic_skulptura-katedrale_bijeli-bracki-kamen2.jpg 1200w, https:\/\/galerijajaksic.com\/wp-content\/uploads\/2026\/02\/Lovre-Jaksic_skulptura-katedrale_bijeli-bracki-kamen2-300x300.jpg 300w, https:\/\/galerijajaksic.com\/wp-content\/uploads\/2026\/02\/Lovre-Jaksic_skulptura-katedrale_bijeli-bracki-kamen2-1024x1024.jpg 1024w, https:\/\/galerijajaksic.com\/wp-content\/uploads\/2026\/02\/Lovre-Jaksic_skulptura-katedrale_bijeli-bracki-kamen2-150x150.jpg 150w, https:\/\/galerijajaksic.com\/wp-content\/uploads\/2026\/02\/Lovre-Jaksic_skulptura-katedrale_bijeli-bracki-kamen2-768x768.jpg 768w, https:\/\/galerijajaksic.com\/wp-content\/uploads\/2026\/02\/Lovre-Jaksic_skulptura-katedrale_bijeli-bracki-kamen2-146x146.jpg 146w, https:\/\/galerijajaksic.com\/wp-content\/uploads\/2026\/02\/Lovre-Jaksic_skulptura-katedrale_bijeli-bracki-kamen2-50x50.jpg 50w, https:\/\/galerijajaksic.com\/wp-content\/uploads\/2026\/02\/Lovre-Jaksic_skulptura-katedrale_bijeli-bracki-kamen2-75x75.jpg 75w, https:\/\/galerijajaksic.com\/wp-content\/uploads\/2026\/02\/Lovre-Jaksic_skulptura-katedrale_bijeli-bracki-kamen2-85x85.jpg 85w, https:\/\/galerijajaksic.com\/wp-content\/uploads\/2026\/02\/Lovre-Jaksic_skulptura-katedrale_bijeli-bracki-kamen2-80x80.jpg 80w\" sizes=\"(max-width: 1200px) 100vw, 1200px\" \/><\/a>\n\t\t\t\t<\/dt><\/dl><dl class='gallery-item'>\n\t\t\t\t<dt class='gallery-icon landscape'>\n\t\t\t\t\t<a href='https:\/\/galerijajaksic.com\/wp-content\/uploads\/2026\/02\/Lovre-Jaksic_skulptura-katedrale_bijeli-bracki-kamen1.jpg'><img width=\"1200\" height=\"1200\" src=\"https:\/\/galerijajaksic.com\/wp-content\/uploads\/2026\/02\/Lovre-Jaksic_skulptura-katedrale_bijeli-bracki-kamen1.jpg\" class=\"attachment-full size-full\" alt=\"Skulptura kamene katedrale od bijelog bra\u010dkog kamena \u2013 detalj kri\u017ea\" loading=\"lazy\" srcset=\"https:\/\/galerijajaksic.com\/wp-content\/uploads\/2026\/02\/Lovre-Jaksic_skulptura-katedrale_bijeli-bracki-kamen1.jpg 1200w, https:\/\/galerijajaksic.com\/wp-content\/uploads\/2026\/02\/Lovre-Jaksic_skulptura-katedrale_bijeli-bracki-kamen1-300x300.jpg 300w, https:\/\/galerijajaksic.com\/wp-content\/uploads\/2026\/02\/Lovre-Jaksic_skulptura-katedrale_bijeli-bracki-kamen1-1024x1024.jpg 1024w, https:\/\/galerijajaksic.com\/wp-content\/uploads\/2026\/02\/Lovre-Jaksic_skulptura-katedrale_bijeli-bracki-kamen1-150x150.jpg 150w, https:\/\/galerijajaksic.com\/wp-content\/uploads\/2026\/02\/Lovre-Jaksic_skulptura-katedrale_bijeli-bracki-kamen1-768x768.jpg 768w, https:\/\/galerijajaksic.com\/wp-content\/uploads\/2026\/02\/Lovre-Jaksic_skulptura-katedrale_bijeli-bracki-kamen1-146x146.jpg 146w, https:\/\/galerijajaksic.com\/wp-content\/uploads\/2026\/02\/Lovre-Jaksic_skulptura-katedrale_bijeli-bracki-kamen1-50x50.jpg 50w, https:\/\/galerijajaksic.com\/wp-content\/uploads\/2026\/02\/Lovre-Jaksic_skulptura-katedrale_bijeli-bracki-kamen1-75x75.jpg 75w, https:\/\/galerijajaksic.com\/wp-content\/uploads\/2026\/02\/Lovre-Jaksic_skulptura-katedrale_bijeli-bracki-kamen1-85x85.jpg 85w, https:\/\/galerijajaksic.com\/wp-content\/uploads\/2026\/02\/Lovre-Jaksic_skulptura-katedrale_bijeli-bracki-kamen1-80x80.jpg 80w\" sizes=\"(max-width: 1200px) 100vw, 1200px\" \/><\/a>\n\t\t\t\t<\/dt><\/dl><dl class='gallery-item'>\n\t\t\t\t<dt class='gallery-icon landscape'>\n\t\t\t\t\t<a href='https:\/\/galerijajaksic.com\/wp-content\/uploads\/2026\/02\/Lovre-Jaksic_skulptura-katedrale_bijeli-bracki-kamen3.jpg'><img width=\"1200\" height=\"1200\" src=\"https:\/\/galerijajaksic.com\/wp-content\/uploads\/2026\/02\/Lovre-Jaksic_skulptura-katedrale_bijeli-bracki-kamen3.jpg\" class=\"attachment-full size-full\" alt=\"Detalj kri\u017ea na skulpturi kamene katedrale od bra\u010dkog kamena\" loading=\"lazy\" srcset=\"https:\/\/galerijajaksic.com\/wp-content\/uploads\/2026\/02\/Lovre-Jaksic_skulptura-katedrale_bijeli-bracki-kamen3.jpg 1200w, https:\/\/galerijajaksic.com\/wp-content\/uploads\/2026\/02\/Lovre-Jaksic_skulptura-katedrale_bijeli-bracki-kamen3-300x300.jpg 300w, https:\/\/galerijajaksic.com\/wp-content\/uploads\/2026\/02\/Lovre-Jaksic_skulptura-katedrale_bijeli-bracki-kamen3-1024x1024.jpg 1024w, https:\/\/galerijajaksic.com\/wp-content\/uploads\/2026\/02\/Lovre-Jaksic_skulptura-katedrale_bijeli-bracki-kamen3-150x150.jpg 150w, https:\/\/galerijajaksic.com\/wp-content\/uploads\/2026\/02\/Lovre-Jaksic_skulptura-katedrale_bijeli-bracki-kamen3-768x768.jpg 768w, https:\/\/galerijajaksic.com\/wp-content\/uploads\/2026\/02\/Lovre-Jaksic_skulptura-katedrale_bijeli-bracki-kamen3-146x146.jpg 146w, https:\/\/galerijajaksic.com\/wp-content\/uploads\/2026\/02\/Lovre-Jaksic_skulptura-katedrale_bijeli-bracki-kamen3-50x50.jpg 50w, https:\/\/galerijajaksic.com\/wp-content\/uploads\/2026\/02\/Lovre-Jaksic_skulptura-katedrale_bijeli-bracki-kamen3-75x75.jpg 75w, https:\/\/galerijajaksic.com\/wp-content\/uploads\/2026\/02\/Lovre-Jaksic_skulptura-katedrale_bijeli-bracki-kamen3-85x85.jpg 85w, https:\/\/galerijajaksic.com\/wp-content\/uploads\/2026\/02\/Lovre-Jaksic_skulptura-katedrale_bijeli-bracki-kamen3-80x80.jpg 80w\" sizes=\"(max-width: 1200px) 100vw, 1200px\" \/><\/a>\n\t\t\t\t<\/dt><\/dl><br style=\"clear: both\" \/>\n\t\t\t<\/div>\n\n<h3 data-start=\"0\" data-end=\"64\"><strong data-start=\"0\" data-end=\"64\">Stone Cathedral \u2013 a contemporary sculpture of sacred silence<\/strong><\/h3>\n<p data-start=\"66\" data-end=\"377\">At Jak\u0161i\u0107 Gallery, we present a new sculpture by our academic sculptor <strong><a href=\"https:\/\/galerijajaksic.com\/en\/lovre-jaksic\/\">Lovre Jak\u0161i\u0107<\/a><\/strong>. The work clearly positions itself as a cathedral sculpture, but also as a strong contemporary interpretation of sacred art. The sculpture is made of white Bra\u010d stone in our workshop and is exhibited at Jak\u0161i\u0107 Gallery in Split.<\/p>\n<p data-start=\"379\" data-end=\"801\">The Stone Cathedral is not a literal representation of architecture. It is stylised. Refined. Reduced to essential volumes and lines. For this reason, the stone sculpture feels both powerful and quiet at the same time. The form is vertical. Oriented upwards. In this way, it clearly communicates the symbolism of sacred space. The cathedral is understood here as an idea. As a space of spirituality, silence and elevation.<\/p>\n<p data-start=\"803\" data-end=\"1262\">In his recognisable artistic language, Lovre Jak\u0161i\u0107 brings together tradition and contemporaneity. His sculptures often start from classical themes, yet interpret them through a modern visual language. This sculpture, created on the theme of sacred art, moves beyond traditional sacred iconography. Instead of detail, the sculptor chooses volume. Instead of decoration, pure form. Through this approach, he achieves universality and a contemporary expression.<\/p>\n<p data-start=\"1264\" data-end=\"1863\">A particularly interesting element of this Stone Cathedral appears on the rear of the sculpture. The sculptor deliberately preserved the so-called \u201cbark\u201d of the stone. This is the natural, rough surface shaped over time by atmospheric conditions and water. This part of the stone was not removed. On the contrary, it became an active element of the sculpture. Thanks to this raw structure, the cross element at the top of the sculpture stands out even more strongly. The contrast between the smooth, worked surface and the untouched stone texture further emphasises the symbolic meaning of the work.<\/p>\n<p data-start=\"1865\" data-end=\"2182\">The sculpture is made of white Bra\u010d stone, a material with a long tradition of use in sacred architecture. Here, however, the stone gains a new role. It becomes a medium of contemporary interpretation. It becomes a bearer of ideas, not just form. For this reason, the sculpture successfully connects past and present.<\/p>\n<p data-start=\"2184\" data-end=\"2605\" data-is-last-node=\"\" data-is-only-node=\"\">The Stone Cathedral was created in our <a href=\"https:\/\/klesarskaradionica-jaksic.hr\/en\"><strong>workshop<\/strong><\/a>, a place where craftsmanship and art naturally intertwine. It is exhibited at Jak\u0161i\u0107 Gallery in Split, where it is accessible to an audience seeking contemporary sculpture with a clear message and deep content. This is a work that does not impose itself. It invites reflection. It invites silence. It invites an encounter with stone and spirituality in a contemporary form.<\/p>\n","protected":false},"excerpt":{"rendered":"<p>Stone Cathedral \u2013 a contemporary sculpture of sacred silence At Jak\u0161i\u0107 Gallery, we present a new sculpture by our academic sculptor Lovre Jak\u0161i\u0107. The work clearly<span class=\"excerpt-hellip\"> [\u2026]<\/span><\/p>\n","protected":false},"author":1,"featured_media":4414,"comment_status":"closed","ping_status":"closed","sticky":false,"template":"","format":"standard","meta":[],"categories":[49,52],"tags":[],"_links":{"self":[{"href":"https:\/\/galerijajaksic.com\/en\/wp-json\/wp\/v2\/posts\/4412"}],"collection":[{"href":"https:\/\/galerijajaksic.com\/en\/wp-json\/wp\/v2\/posts"}],"about":[{"href":"https:\/\/galerijajaksic.com\/en\/wp-json\/wp\/v2\/types\/post"}],"author":[{"embeddable":true,"href":"https:\/\/galerijajaksic.com\/en\/wp-json\/wp\/v2\/users\/1"}],"replies":[{"embeddable":true,"href":"https:\/\/galerijajaksic.com\/en\/wp-json\/wp\/v2\/comments?post=4412"}],"version-history":[{"count":1,"href":"https:\/\/galerijajaksic.com\/en\/wp-json\/wp\/v2\/posts\/4412\/revisions"}],"predecessor-version":[{"id":4428,"href":"https:\/\/galerijajaksic.com\/en\/wp-json\/wp\/v2\/posts\/4412\/revisions\/4428"}],"wp:featuredmedia":[{"embeddable":true,"href":"https:\/\/galerijajaksic.com\/en\/wp-json\/wp\/v2\/media\/4414"}],"wp:attachment":[{"href":"https:\/\/galerijajaksic.com\/en\/wp-json\/wp\/v2\/media?parent=4412"}],"wp:term":[{"taxonomy":"category","embeddable":true,"href":"https:\/\/galerijajaksic.com\/en\/wp-json\/wp\/v2\/categories?post=4412"},{"taxonomy":"post_tag","embeddable":true,"href":"https:\/\/galerijajaksic.com\/en\/wp-json\/wp\/v2\/tags?post=4412"}],"curies":[{"name":"wp","href":"https:\/\/api.w.org\/{rel}","templated":true}]}}