{"id":4432,"date":"2025-04-10T11:39:02","date_gmt":"2025-04-10T11:39:02","guid":{"rendered":"https:\/\/galerijajaksic.com\/?p=4432"},"modified":"2026-02-05T11:39:36","modified_gmt":"2026-02-05T11:39:36","slug":"concept-design-for-the-banj-promenade","status":"publish","type":"post","link":"https:\/\/galerijajaksic.com\/en\/concept-design-for-the-banj-promenade\/","title":{"rendered":"Concept Design for the Banj Promenade"},"content":{"rendered":"\n\t\t\t<style type='text\/css'>\n\t\t\t\t#sc_gallery-1 {\n\t\t\t\t\tmargin: auto;\n\t\t\t\t}\n\t\t\t\t#sc_gallery-1 .gallery-item {\n\t\t\t\t\tfloat: left;\n\t\t\t\t\tmargin-top: 10px;\n\t\t\t\t\ttext-align: center;\n\t\t\t\t\twidth: 33.33%;\n\t\t\t\t}\n\t\t\t\t#sc_gallery-1 img {\n\t\t\t\t\tborder: 2px solid #cfcfcf;\n\t\t\t\t}\n\t\t\t\t#sc_gallery-1 .gallery-caption {\n\t\t\t\t\tmargin-left: 0;\n\t\t\t\t}\n\t\t\t\t\/* see sc_gallery() in functions\/theme-shortcodes.php *\/\n\t\t\t<\/style>\n\t\t<div id='sc_gallery-1' class='gallery galleryid-4432 gallery-columns-3 gallery-size-full file'><dl class='gallery-item'>\n\t\t\t\t<dt class='gallery-icon landscape'>\n\t\t\t\t\t<a href='https:\/\/galerijajaksic.com\/wp-content\/uploads\/2026\/02\/Uredenje-setnice-Banj_Dina-Jaksic-Pavasovic10-1.jpg'><img width=\"1077\" height=\"1077\" src=\"https:\/\/galerijajaksic.com\/wp-content\/uploads\/2026\/02\/Uredenje-setnice-Banj_Dina-Jaksic-Pavasovic10-1.jpg\" class=\"attachment-full size-full\" alt=\"Kameno poplo\u010denje \u0161etnice s mre\u017eastim uzorkom inspiriranim ribarstvom\" loading=\"lazy\" srcset=\"https:\/\/galerijajaksic.com\/wp-content\/uploads\/2026\/02\/Uredenje-setnice-Banj_Dina-Jaksic-Pavasovic10-1.jpg 1077w, https:\/\/galerijajaksic.com\/wp-content\/uploads\/2026\/02\/Uredenje-setnice-Banj_Dina-Jaksic-Pavasovic10-1-300x300.jpg 300w, https:\/\/galerijajaksic.com\/wp-content\/uploads\/2026\/02\/Uredenje-setnice-Banj_Dina-Jaksic-Pavasovic10-1-1024x1024.jpg 1024w, https:\/\/galerijajaksic.com\/wp-content\/uploads\/2026\/02\/Uredenje-setnice-Banj_Dina-Jaksic-Pavasovic10-1-150x150.jpg 150w, https:\/\/galerijajaksic.com\/wp-content\/uploads\/2026\/02\/Uredenje-setnice-Banj_Dina-Jaksic-Pavasovic10-1-768x768.jpg 768w, https:\/\/galerijajaksic.com\/wp-content\/uploads\/2026\/02\/Uredenje-setnice-Banj_Dina-Jaksic-Pavasovic10-1-146x146.jpg 146w, https:\/\/galerijajaksic.com\/wp-content\/uploads\/2026\/02\/Uredenje-setnice-Banj_Dina-Jaksic-Pavasovic10-1-50x50.jpg 50w, https:\/\/galerijajaksic.com\/wp-content\/uploads\/2026\/02\/Uredenje-setnice-Banj_Dina-Jaksic-Pavasovic10-1-75x75.jpg 75w, https:\/\/galerijajaksic.com\/wp-content\/uploads\/2026\/02\/Uredenje-setnice-Banj_Dina-Jaksic-Pavasovic10-1-85x85.jpg 85w, https:\/\/galerijajaksic.com\/wp-content\/uploads\/2026\/02\/Uredenje-setnice-Banj_Dina-Jaksic-Pavasovic10-1-80x80.jpg 80w\" sizes=\"(max-width: 1077px) 100vw, 1077px\" \/><\/a>\n\t\t\t\t<\/dt><\/dl><dl class='gallery-item'>\n\t\t\t\t<dt class='gallery-icon landscape'>\n\t\t\t\t\t<a href='https:\/\/galerijajaksic.com\/wp-content\/uploads\/2026\/02\/Uredenje-setnice-Banj_Dina-Jaksic-Pavasovic1-3.jpg'><img width=\"1200\" height=\"1200\" src=\"https:\/\/galerijajaksic.com\/wp-content\/uploads\/2026\/02\/Uredenje-setnice-Banj_Dina-Jaksic-Pavasovic1-3.jpg\" class=\"attachment-full size-full\" alt=\"Crte\u017e kamenih klupa oblikovanih kao segmenti ribarske mre\u017ee\" loading=\"lazy\" srcset=\"https:\/\/galerijajaksic.com\/wp-content\/uploads\/2026\/02\/Uredenje-setnice-Banj_Dina-Jaksic-Pavasovic1-3.jpg 1200w, https:\/\/galerijajaksic.com\/wp-content\/uploads\/2026\/02\/Uredenje-setnice-Banj_Dina-Jaksic-Pavasovic1-3-300x300.jpg 300w, https:\/\/galerijajaksic.com\/wp-content\/uploads\/2026\/02\/Uredenje-setnice-Banj_Dina-Jaksic-Pavasovic1-3-1024x1024.jpg 1024w, https:\/\/galerijajaksic.com\/wp-content\/uploads\/2026\/02\/Uredenje-setnice-Banj_Dina-Jaksic-Pavasovic1-3-150x150.jpg 150w, https:\/\/galerijajaksic.com\/wp-content\/uploads\/2026\/02\/Uredenje-setnice-Banj_Dina-Jaksic-Pavasovic1-3-768x768.jpg 768w, https:\/\/galerijajaksic.com\/wp-content\/uploads\/2026\/02\/Uredenje-setnice-Banj_Dina-Jaksic-Pavasovic1-3-146x146.jpg 146w, https:\/\/galerijajaksic.com\/wp-content\/uploads\/2026\/02\/Uredenje-setnice-Banj_Dina-Jaksic-Pavasovic1-3-50x50.jpg 50w, https:\/\/galerijajaksic.com\/wp-content\/uploads\/2026\/02\/Uredenje-setnice-Banj_Dina-Jaksic-Pavasovic1-3-75x75.jpg 75w, https:\/\/galerijajaksic.com\/wp-content\/uploads\/2026\/02\/Uredenje-setnice-Banj_Dina-Jaksic-Pavasovic1-3-85x85.jpg 85w, https:\/\/galerijajaksic.com\/wp-content\/uploads\/2026\/02\/Uredenje-setnice-Banj_Dina-Jaksic-Pavasovic1-3-80x80.jpg 80w\" sizes=\"(max-width: 1200px) 100vw, 1200px\" \/><\/a>\n\t\t\t\t<\/dt><\/dl><dl class='gallery-item'>\n\t\t\t\t<dt class='gallery-icon landscape'>\n\t\t\t\t\t<a href='https:\/\/galerijajaksic.com\/wp-content\/uploads\/2026\/02\/Uredenje-setnice-Banj_Dina-Jaksic-Pavasovic6-1.jpg'><img width=\"1200\" height=\"1200\" src=\"https:\/\/galerijajaksic.com\/wp-content\/uploads\/2026\/02\/Uredenje-setnice-Banj_Dina-Jaksic-Pavasovic6-1.jpg\" class=\"attachment-full size-full\" alt=\"Skica idejnog rje\u0161enja \u0161etnice s motivom ribarske mre\u017ee i valovitih linija\" loading=\"lazy\" srcset=\"https:\/\/galerijajaksic.com\/wp-content\/uploads\/2026\/02\/Uredenje-setnice-Banj_Dina-Jaksic-Pavasovic6-1.jpg 1200w, https:\/\/galerijajaksic.com\/wp-content\/uploads\/2026\/02\/Uredenje-setnice-Banj_Dina-Jaksic-Pavasovic6-1-300x300.jpg 300w, https:\/\/galerijajaksic.com\/wp-content\/uploads\/2026\/02\/Uredenje-setnice-Banj_Dina-Jaksic-Pavasovic6-1-1024x1024.jpg 1024w, https:\/\/galerijajaksic.com\/wp-content\/uploads\/2026\/02\/Uredenje-setnice-Banj_Dina-Jaksic-Pavasovic6-1-150x150.jpg 150w, https:\/\/galerijajaksic.com\/wp-content\/uploads\/2026\/02\/Uredenje-setnice-Banj_Dina-Jaksic-Pavasovic6-1-768x768.jpg 768w, https:\/\/galerijajaksic.com\/wp-content\/uploads\/2026\/02\/Uredenje-setnice-Banj_Dina-Jaksic-Pavasovic6-1-146x146.jpg 146w, https:\/\/galerijajaksic.com\/wp-content\/uploads\/2026\/02\/Uredenje-setnice-Banj_Dina-Jaksic-Pavasovic6-1-50x50.jpg 50w, https:\/\/galerijajaksic.com\/wp-content\/uploads\/2026\/02\/Uredenje-setnice-Banj_Dina-Jaksic-Pavasovic6-1-75x75.jpg 75w, https:\/\/galerijajaksic.com\/wp-content\/uploads\/2026\/02\/Uredenje-setnice-Banj_Dina-Jaksic-Pavasovic6-1-85x85.jpg 85w, https:\/\/galerijajaksic.com\/wp-content\/uploads\/2026\/02\/Uredenje-setnice-Banj_Dina-Jaksic-Pavasovic6-1-80x80.jpg 80w\" sizes=\"(max-width: 1200px) 100vw, 1200px\" \/><\/a>\n\t\t\t\t<\/dt><\/dl><br style=\"clear: both\" \/><dl class='gallery-item'>\n\t\t\t\t<dt class='gallery-icon landscape'>\n\t\t\t\t\t<a href='https:\/\/galerijajaksic.com\/wp-content\/uploads\/2026\/02\/Uredenje-setnice-Banj_Dina-Jaksic-Pavasovic5.jpg'><img width=\"1110\" height=\"1110\" src=\"https:\/\/galerijajaksic.com\/wp-content\/uploads\/2026\/02\/Uredenje-setnice-Banj_Dina-Jaksic-Pavasovic5.jpg\" class=\"attachment-full size-full\" alt=\"Idejno rje\u0161enje \u0161etnice Banj s kamenim elementima i motivima mora u Supetru\" loading=\"lazy\" srcset=\"https:\/\/galerijajaksic.com\/wp-content\/uploads\/2026\/02\/Uredenje-setnice-Banj_Dina-Jaksic-Pavasovic5.jpg 1110w, https:\/\/galerijajaksic.com\/wp-content\/uploads\/2026\/02\/Uredenje-setnice-Banj_Dina-Jaksic-Pavasovic5-300x300.jpg 300w, https:\/\/galerijajaksic.com\/wp-content\/uploads\/2026\/02\/Uredenje-setnice-Banj_Dina-Jaksic-Pavasovic5-1024x1024.jpg 1024w, https:\/\/galerijajaksic.com\/wp-content\/uploads\/2026\/02\/Uredenje-setnice-Banj_Dina-Jaksic-Pavasovic5-150x150.jpg 150w, https:\/\/galerijajaksic.com\/wp-content\/uploads\/2026\/02\/Uredenje-setnice-Banj_Dina-Jaksic-Pavasovic5-768x768.jpg 768w, https:\/\/galerijajaksic.com\/wp-content\/uploads\/2026\/02\/Uredenje-setnice-Banj_Dina-Jaksic-Pavasovic5-146x146.jpg 146w, https:\/\/galerijajaksic.com\/wp-content\/uploads\/2026\/02\/Uredenje-setnice-Banj_Dina-Jaksic-Pavasovic5-50x50.jpg 50w, https:\/\/galerijajaksic.com\/wp-content\/uploads\/2026\/02\/Uredenje-setnice-Banj_Dina-Jaksic-Pavasovic5-75x75.jpg 75w, https:\/\/galerijajaksic.com\/wp-content\/uploads\/2026\/02\/Uredenje-setnice-Banj_Dina-Jaksic-Pavasovic5-85x85.jpg 85w, https:\/\/galerijajaksic.com\/wp-content\/uploads\/2026\/02\/Uredenje-setnice-Banj_Dina-Jaksic-Pavasovic5-80x80.jpg 80w\" sizes=\"(max-width: 1110px) 100vw, 1110px\" \/><\/a>\n\t\t\t\t<\/dt><\/dl><dl class='gallery-item'>\n\t\t\t\t<dt class='gallery-icon landscape'>\n\t\t\t\t\t<a href='https:\/\/galerijajaksic.com\/wp-content\/uploads\/2026\/02\/Uredenje-setnice-Banj_Dina-Jaksic-Pavasovic3.jpg'><img width=\"1080\" height=\"1080\" src=\"https:\/\/galerijajaksic.com\/wp-content\/uploads\/2026\/02\/Uredenje-setnice-Banj_Dina-Jaksic-Pavasovic3.jpg\" class=\"attachment-full size-full\" alt=\"Pogled odozgo na \u0161etnicu Banj s kamenim poplo\u010denjem od bijelog bra\u010dkog kamena\" loading=\"lazy\" srcset=\"https:\/\/galerijajaksic.com\/wp-content\/uploads\/2026\/02\/Uredenje-setnice-Banj_Dina-Jaksic-Pavasovic3.jpg 1080w, https:\/\/galerijajaksic.com\/wp-content\/uploads\/2026\/02\/Uredenje-setnice-Banj_Dina-Jaksic-Pavasovic3-300x300.jpg 300w, https:\/\/galerijajaksic.com\/wp-content\/uploads\/2026\/02\/Uredenje-setnice-Banj_Dina-Jaksic-Pavasovic3-1024x1024.jpg 1024w, https:\/\/galerijajaksic.com\/wp-content\/uploads\/2026\/02\/Uredenje-setnice-Banj_Dina-Jaksic-Pavasovic3-150x150.jpg 150w, https:\/\/galerijajaksic.com\/wp-content\/uploads\/2026\/02\/Uredenje-setnice-Banj_Dina-Jaksic-Pavasovic3-768x768.jpg 768w, https:\/\/galerijajaksic.com\/wp-content\/uploads\/2026\/02\/Uredenje-setnice-Banj_Dina-Jaksic-Pavasovic3-146x146.jpg 146w, https:\/\/galerijajaksic.com\/wp-content\/uploads\/2026\/02\/Uredenje-setnice-Banj_Dina-Jaksic-Pavasovic3-50x50.jpg 50w, https:\/\/galerijajaksic.com\/wp-content\/uploads\/2026\/02\/Uredenje-setnice-Banj_Dina-Jaksic-Pavasovic3-75x75.jpg 75w, https:\/\/galerijajaksic.com\/wp-content\/uploads\/2026\/02\/Uredenje-setnice-Banj_Dina-Jaksic-Pavasovic3-85x85.jpg 85w, https:\/\/galerijajaksic.com\/wp-content\/uploads\/2026\/02\/Uredenje-setnice-Banj_Dina-Jaksic-Pavasovic3-80x80.jpg 80w\" sizes=\"(max-width: 1080px) 100vw, 1080px\" \/><\/a>\n\t\t\t\t<\/dt><\/dl><dl class='gallery-item'>\n\t\t\t\t<dt class='gallery-icon landscape'>\n\t\t\t\t\t<a href='https:\/\/galerijajaksic.com\/wp-content\/uploads\/2026\/02\/Uredenje-setnice-Banj_Dina-Jaksic-Pavasovic8.jpg'><img width=\"1080\" height=\"1080\" src=\"https:\/\/galerijajaksic.com\/wp-content\/uploads\/2026\/02\/Uredenje-setnice-Banj_Dina-Jaksic-Pavasovic8.jpg\" class=\"attachment-full size-full\" alt=\"Prostorni prikaz \u0161etnice na temu mora s integriranim kamenim klupama\" loading=\"lazy\" srcset=\"https:\/\/galerijajaksic.com\/wp-content\/uploads\/2026\/02\/Uredenje-setnice-Banj_Dina-Jaksic-Pavasovic8.jpg 1080w, https:\/\/galerijajaksic.com\/wp-content\/uploads\/2026\/02\/Uredenje-setnice-Banj_Dina-Jaksic-Pavasovic8-300x300.jpg 300w, https:\/\/galerijajaksic.com\/wp-content\/uploads\/2026\/02\/Uredenje-setnice-Banj_Dina-Jaksic-Pavasovic8-1024x1024.jpg 1024w, https:\/\/galerijajaksic.com\/wp-content\/uploads\/2026\/02\/Uredenje-setnice-Banj_Dina-Jaksic-Pavasovic8-150x150.jpg 150w, https:\/\/galerijajaksic.com\/wp-content\/uploads\/2026\/02\/Uredenje-setnice-Banj_Dina-Jaksic-Pavasovic8-768x768.jpg 768w, https:\/\/galerijajaksic.com\/wp-content\/uploads\/2026\/02\/Uredenje-setnice-Banj_Dina-Jaksic-Pavasovic8-146x146.jpg 146w, https:\/\/galerijajaksic.com\/wp-content\/uploads\/2026\/02\/Uredenje-setnice-Banj_Dina-Jaksic-Pavasovic8-50x50.jpg 50w, https:\/\/galerijajaksic.com\/wp-content\/uploads\/2026\/02\/Uredenje-setnice-Banj_Dina-Jaksic-Pavasovic8-75x75.jpg 75w, https:\/\/galerijajaksic.com\/wp-content\/uploads\/2026\/02\/Uredenje-setnice-Banj_Dina-Jaksic-Pavasovic8-85x85.jpg 85w, https:\/\/galerijajaksic.com\/wp-content\/uploads\/2026\/02\/Uredenje-setnice-Banj_Dina-Jaksic-Pavasovic8-80x80.jpg 80w\" sizes=\"(max-width: 1080px) 100vw, 1080px\" \/><\/a>\n\t\t\t\t<\/dt><\/dl><br style=\"clear: both\" \/><dl class='gallery-item'>\n\t\t\t\t<dt class='gallery-icon landscape'>\n\t\t\t\t\t<a href='https:\/\/galerijajaksic.com\/wp-content\/uploads\/2026\/02\/Uredenje-setnice-Banj_Dina-Jaksic-Pavasovic2.jpg'><img width=\"1080\" height=\"1080\" src=\"https:\/\/galerijajaksic.com\/wp-content\/uploads\/2026\/02\/Uredenje-setnice-Banj_Dina-Jaksic-Pavasovic2.jpg\" class=\"attachment-full size-full\" alt=\"Kamene klupe s drvenim sjedi\u0161tima kao dio komunalne infrastrukture uz \u0161etnicu\" loading=\"lazy\" srcset=\"https:\/\/galerijajaksic.com\/wp-content\/uploads\/2026\/02\/Uredenje-setnice-Banj_Dina-Jaksic-Pavasovic2.jpg 1080w, https:\/\/galerijajaksic.com\/wp-content\/uploads\/2026\/02\/Uredenje-setnice-Banj_Dina-Jaksic-Pavasovic2-300x300.jpg 300w, https:\/\/galerijajaksic.com\/wp-content\/uploads\/2026\/02\/Uredenje-setnice-Banj_Dina-Jaksic-Pavasovic2-1024x1024.jpg 1024w, https:\/\/galerijajaksic.com\/wp-content\/uploads\/2026\/02\/Uredenje-setnice-Banj_Dina-Jaksic-Pavasovic2-150x150.jpg 150w, https:\/\/galerijajaksic.com\/wp-content\/uploads\/2026\/02\/Uredenje-setnice-Banj_Dina-Jaksic-Pavasovic2-768x768.jpg 768w, https:\/\/galerijajaksic.com\/wp-content\/uploads\/2026\/02\/Uredenje-setnice-Banj_Dina-Jaksic-Pavasovic2-146x146.jpg 146w, https:\/\/galerijajaksic.com\/wp-content\/uploads\/2026\/02\/Uredenje-setnice-Banj_Dina-Jaksic-Pavasovic2-50x50.jpg 50w, https:\/\/galerijajaksic.com\/wp-content\/uploads\/2026\/02\/Uredenje-setnice-Banj_Dina-Jaksic-Pavasovic2-75x75.jpg 75w, https:\/\/galerijajaksic.com\/wp-content\/uploads\/2026\/02\/Uredenje-setnice-Banj_Dina-Jaksic-Pavasovic2-85x85.jpg 85w, https:\/\/galerijajaksic.com\/wp-content\/uploads\/2026\/02\/Uredenje-setnice-Banj_Dina-Jaksic-Pavasovic2-80x80.jpg 80w\" sizes=\"(max-width: 1080px) 100vw, 1080px\" \/><\/a>\n\t\t\t\t<\/dt><\/dl><dl class='gallery-item'>\n\t\t\t\t<dt class='gallery-icon landscape'>\n\t\t\t\t\t<a href='https:\/\/galerijajaksic.com\/wp-content\/uploads\/2026\/02\/Uredenje-setnice-Banj_Dina-Jaksic-Pavasovic4.jpg'><img width=\"1080\" height=\"1080\" src=\"https:\/\/galerijajaksic.com\/wp-content\/uploads\/2026\/02\/Uredenje-setnice-Banj_Dina-Jaksic-Pavasovic4.jpg\" class=\"attachment-full size-full\" alt=\"Kameni blokovi s perforacijama u obliku morskih organizama u ure\u0111enju \u0161etnice\" loading=\"lazy\" srcset=\"https:\/\/galerijajaksic.com\/wp-content\/uploads\/2026\/02\/Uredenje-setnice-Banj_Dina-Jaksic-Pavasovic4.jpg 1080w, https:\/\/galerijajaksic.com\/wp-content\/uploads\/2026\/02\/Uredenje-setnice-Banj_Dina-Jaksic-Pavasovic4-300x300.jpg 300w, https:\/\/galerijajaksic.com\/wp-content\/uploads\/2026\/02\/Uredenje-setnice-Banj_Dina-Jaksic-Pavasovic4-1024x1024.jpg 1024w, https:\/\/galerijajaksic.com\/wp-content\/uploads\/2026\/02\/Uredenje-setnice-Banj_Dina-Jaksic-Pavasovic4-150x150.jpg 150w, https:\/\/galerijajaksic.com\/wp-content\/uploads\/2026\/02\/Uredenje-setnice-Banj_Dina-Jaksic-Pavasovic4-768x768.jpg 768w, https:\/\/galerijajaksic.com\/wp-content\/uploads\/2026\/02\/Uredenje-setnice-Banj_Dina-Jaksic-Pavasovic4-146x146.jpg 146w, https:\/\/galerijajaksic.com\/wp-content\/uploads\/2026\/02\/Uredenje-setnice-Banj_Dina-Jaksic-Pavasovic4-50x50.jpg 50w, https:\/\/galerijajaksic.com\/wp-content\/uploads\/2026\/02\/Uredenje-setnice-Banj_Dina-Jaksic-Pavasovic4-75x75.jpg 75w, https:\/\/galerijajaksic.com\/wp-content\/uploads\/2026\/02\/Uredenje-setnice-Banj_Dina-Jaksic-Pavasovic4-85x85.jpg 85w, https:\/\/galerijajaksic.com\/wp-content\/uploads\/2026\/02\/Uredenje-setnice-Banj_Dina-Jaksic-Pavasovic4-80x80.jpg 80w\" sizes=\"(max-width: 1080px) 100vw, 1080px\" \/><\/a>\n\t\t\t\t<\/dt><\/dl><dl class='gallery-item'>\n\t\t\t\t<dt class='gallery-icon landscape'>\n\t\t\t\t\t<a href='https:\/\/galerijajaksic.com\/wp-content\/uploads\/2026\/02\/Uredenje-setnice-Banj_Dina-Jaksic-Pavasovic9.jpg'><img width=\"1080\" height=\"1080\" src=\"https:\/\/galerijajaksic.com\/wp-content\/uploads\/2026\/02\/Uredenje-setnice-Banj_Dina-Jaksic-Pavasovic9.jpg\" class=\"attachment-full size-full\" alt=\"Detalj kamenih elemenata za sjedenje i zelenilo u ure\u0111enju \u0161etnice Banj\" loading=\"lazy\" srcset=\"https:\/\/galerijajaksic.com\/wp-content\/uploads\/2026\/02\/Uredenje-setnice-Banj_Dina-Jaksic-Pavasovic9.jpg 1080w, https:\/\/galerijajaksic.com\/wp-content\/uploads\/2026\/02\/Uredenje-setnice-Banj_Dina-Jaksic-Pavasovic9-300x300.jpg 300w, https:\/\/galerijajaksic.com\/wp-content\/uploads\/2026\/02\/Uredenje-setnice-Banj_Dina-Jaksic-Pavasovic9-1024x1024.jpg 1024w, https:\/\/galerijajaksic.com\/wp-content\/uploads\/2026\/02\/Uredenje-setnice-Banj_Dina-Jaksic-Pavasovic9-150x150.jpg 150w, https:\/\/galerijajaksic.com\/wp-content\/uploads\/2026\/02\/Uredenje-setnice-Banj_Dina-Jaksic-Pavasovic9-768x768.jpg 768w, https:\/\/galerijajaksic.com\/wp-content\/uploads\/2026\/02\/Uredenje-setnice-Banj_Dina-Jaksic-Pavasovic9-146x146.jpg 146w, https:\/\/galerijajaksic.com\/wp-content\/uploads\/2026\/02\/Uredenje-setnice-Banj_Dina-Jaksic-Pavasovic9-50x50.jpg 50w, https:\/\/galerijajaksic.com\/wp-content\/uploads\/2026\/02\/Uredenje-setnice-Banj_Dina-Jaksic-Pavasovic9-75x75.jpg 75w, https:\/\/galerijajaksic.com\/wp-content\/uploads\/2026\/02\/Uredenje-setnice-Banj_Dina-Jaksic-Pavasovic9-85x85.jpg 85w, https:\/\/galerijajaksic.com\/wp-content\/uploads\/2026\/02\/Uredenje-setnice-Banj_Dina-Jaksic-Pavasovic9-80x80.jpg 80w\" sizes=\"(max-width: 1080px) 100vw, 1080px\" \/><\/a>\n\t\t\t\t<\/dt><\/dl><br style=\"clear: both\" \/>\n\t\t\t<\/div>\n\n<h3 data-start=\"0\" data-end=\"77\"><strong data-start=\"0\" data-end=\"77\">Concept Design for the Banj Promenade \u2013 a Stone Dialogue of Sea and Space<\/strong><\/h3>\n<p data-start=\"79\" data-end=\"452\">At Jak\u0161i\u0107 Gallery, we proudly present the concept design for the Banj promenade in Supetar. This is an important and multilayered spatial design project entrusted to our artist, <a href=\"https:\/\/galerijajaksic.com\/en\/dina-jaksic-pavasovic\/\"><strong data-start=\"257\" data-end=\"291\">dr. art. Dina Jak\u0161i\u0107 Pavasovi\u0107<\/strong><\/a>. The project is part of the broader urban and cultural programme <a href=\"https:\/\/www.youtube.com\/watch?v=aUklExgk4aM\"><strong data-start=\"357\" data-end=\"365\">DOTS<\/strong><\/a>, focused on a contemporary interpretation of public space and communal infrastructure.<\/p>\n<p data-start=\"454\" data-end=\"831\">The Banj promenade is conceived as a spatial and artistic interpretation of the sea. The sea is the central theme here. A space of life. A source of identity. A lasting connection between people and the island. Special inspiration was drawn from fishing, an activity that has shaped everyday life in island communities on Bra\u010d and along the entire Adriatic coast for centuries.<\/p>\n<p data-start=\"833\" data-end=\"1257\">The central visual motif of the project is the fishing net. It appears as a symbol of work, community, and the relationship with the sea. Its form becomes the starting point for shaping the stone paving of the promenade. The paving is envisioned as a dynamic structure, resembling a net submerged in the sea. The lines are free, rhythmic, and slightly deformed, like a net shaped by sea currents and the weight of the catch.<\/p>\n<p data-start=\"1259\" data-end=\"1612\">The promenade is executed in white Bra\u010d stone, a material that strongly embodies the identity of the place. Here, stone functions as both a constructive and symbolic element. It highlights the connection between contemporary design and local tradition. By combining regular and irregular stone cubes, a visually rich and recognisable surface is created.<\/p>\n<p data-start=\"1614\" data-end=\"2046\">At certain points, the net motif moves beyond the main path of the promenade. These areas form expansions and spaces for staying and gathering. It is here that the net transforms into stone benches. The benches are shaped as raised segments of the net structure. They symbolise the catch held within the net. Perforations featuring motifs of marine species characteristic of the local environment are integrated into their surfaces.<\/p>\n<p data-start=\"2048\" data-end=\"2441\">To ensure greater comfort and warmth, the upper surfaces of the benches are clad in wood. This creates a balance between stone and a natural, tactile experience. In the lower part of the promenade, along the beach, a continuous stone line extends the length of the space. Its undulating form evokes the movement of the sea. It functions simultaneously as seating and as a planter for greenery.<\/p>\n<p data-start=\"2443\" data-end=\"2801\">The project includes five key artistic interventions. Each is dedicated to a specific group of marine organisms: white fish, blue fish, land-based marine species, shellfish and crustaceans, and molluscs. In addition, stone plaques bearing the names of traditional fishing tools are placed along the promenade, giving the space a strong educational dimension.<\/p>\n<p data-start=\"2803\" data-end=\"3029\" data-is-last-node=\"\" data-is-only-node=\"\">The design of the Banj promenade brings together spatial planning, contemporary design, and stone tradition. It is a project that does not depict the sea literally, but translates it into space. Quietly. Permanently. In stone.<\/p>\n","protected":false},"excerpt":{"rendered":"<p>Concept Design for the Banj Promenade \u2013 a Stone Dialogue of Sea and Space At Jak\u0161i\u0107 Gallery, we proudly present the concept design for the Banj<span class=\"excerpt-hellip\"> [\u2026]<\/span><\/p>\n","protected":false},"author":1,"featured_media":4462,"comment_status":"closed","ping_status":"closed","sticky":false,"template":"","format":"standard","meta":[],"categories":[48,49],"tags":[],"_links":{"self":[{"href":"https:\/\/galerijajaksic.com\/en\/wp-json\/wp\/v2\/posts\/4432"}],"collection":[{"href":"https:\/\/galerijajaksic.com\/en\/wp-json\/wp\/v2\/posts"}],"about":[{"href":"https:\/\/galerijajaksic.com\/en\/wp-json\/wp\/v2\/types\/post"}],"author":[{"embeddable":true,"href":"https:\/\/galerijajaksic.com\/en\/wp-json\/wp\/v2\/users\/1"}],"replies":[{"embeddable":true,"href":"https:\/\/galerijajaksic.com\/en\/wp-json\/wp\/v2\/comments?post=4432"}],"version-history":[{"count":1,"href":"https:\/\/galerijajaksic.com\/en\/wp-json\/wp\/v2\/posts\/4432\/revisions"}],"predecessor-version":[{"id":4468,"href":"https:\/\/galerijajaksic.com\/en\/wp-json\/wp\/v2\/posts\/4432\/revisions\/4468"}],"wp:featuredmedia":[{"embeddable":true,"href":"https:\/\/galerijajaksic.com\/en\/wp-json\/wp\/v2\/media\/4462"}],"wp:attachment":[{"href":"https:\/\/galerijajaksic.com\/en\/wp-json\/wp\/v2\/media?parent=4432"}],"wp:term":[{"taxonomy":"category","embeddable":true,"href":"https:\/\/galerijajaksic.com\/en\/wp-json\/wp\/v2\/categories?post=4432"},{"taxonomy":"post_tag","embeddable":true,"href":"https:\/\/galerijajaksic.com\/en\/wp-json\/wp\/v2\/tags?post=4432"}],"curies":[{"name":"wp","href":"https:\/\/api.w.org\/{rel}","templated":true}]}}